{"id":12828,"date":"2025-02-10T18:29:19","date_gmt":"2025-02-10T17:29:19","guid":{"rendered":"https:\/\/serbenidorm.daliisolutions.com\/index.php\/2025\/02\/10\/el-playas-de-benidorm-mas-lider\/"},"modified":"2025-02-10T18:29:19","modified_gmt":"2025-02-10T17:29:19","slug":"el-playas-de-benidorm-mas-lider","status":"publish","type":"post","link":"https:\/\/serbenidorm.daliisolutions.com\/index.php\/2025\/02\/10\/el-playas-de-benidorm-mas-lider\/","title":{"rendered":"El Playas de Benidorm, m\u00e1s l\u00edder"},"content":{"rendered":"  <p><div data-adtype=\"MLDB\"><\/div><\/p>   <p>Benidorm<\/p>   <p>El Servigroup Playas de Benidorm masculino reafirm\u00f3 su liderato en la Superliga 2 tras una convincente victoria por 3-0 (25-21, 25-14, 25-16) ante el CV Almorad\u00ed en el Pabell\u00f3n Ra\u00fal Mesa. El triunfo, sumado a la derrota del Villena-Petrer en Pinto, permite al equipo benidormense ampliar su ventaja en la clasificaci\u00f3n y acercarse un poco m\u00e1s a la fase de ascenso. Ahora mismo, su ventaja sobre los terceros clasificados es de 12 puntos cuando restan 21 por disputarse.<\/p>   <p>Desde el inicio del partido, los de Adriano Lamb mostraron su dominio, con una gran eficacia en el bloqueo y un ataque liderado por Carlos Dos Santos y Luca Cuminetti.<\/p>   <p>El primer set fue disputado, con igualdad en los primeros compases, pero el Servigroup ajust\u00f3 su juego y logr\u00f3 despegarse en el marcador. Los visitantes intentaron reaccionar, pero un error en el saque del CV Almorad\u00ed cerr\u00f3 el set en favor del equipo local (25-21).<\/p>   <p>El segundo set fue un mon\u00f3logo de los benidormenses. Con un juego ofensivo letal, el Servigroup logr\u00f3 una r\u00e1pida ventaja y el set concluy\u00f3 con un contundente 25-14, momento en el que Adriano Lamb comenz\u00f3 a dar minutos a jugadores menos habituales, como Ram\u00f3n Gonz\u00e1lez.<\/p>   <p>En el tercer set, el Servigroup mantuvo la intensidad y asegur\u00f3 la victoria con un contundente 25-16, gracias a un saque directo de Ram\u00f3n Gonz\u00e1lez.<\/p>   <p>     .c-w{         max-width:444px;         width:100%;         margin:32px auto;      background:#00755E;         border-radius:4px;         display:flex;         align-items:center;         justify-content:center;     }     .c-w a{         display:flex;         align-items:center;         justify-content:center;         padding:4px 24px;     }     .c-w img{         width:24px;         margin-right:12px;     }     .c-w p{         font:18px\/25px Poppins;         text-align:center;         color:#fff;         margin:0;     }     @media (max-width:444px){         .c-w a{             padding:4px 12px;         }         .c-w img{             width:24px;             margin-right:8px;         }         .c-w p{             font:14px\/25px Poppins;         }     }     @media (max-width:335px){         .c-w p{             font:13px\/25px Poppins;         }     }  <div class=\"c-w\">     <a href=\"https:\/\/www.whatsapp.com\/channel\/0029Va633PF9WtC4l7XUzh1e\" rel=\"nofollow\" target=\"_blank\">         <img decoding=\"async\" src=\"https:\/\/cadenaser.com\/estaticos\/recursosgraficos\/responsive\/img\/ico-whatsapp.svg\" alt=\"Whatsapp\">         <p>\u00danete al <b>canal de WhatsApp<\/b> de la SER<\/p>     <\/a> <\/div><\/p>   <p><b>Suerte dispar en el v\u00f3ley femenino<\/b><\/p>   <p>En lo que a la Superliga 2 femenina respecta, los equipos de la Marina Baixa corrieron una suerte dispar. Como se esperaba, el Medsur-Finestrat se impuso sin demasiados problemas al colista, el X\u00e0tiva, por 1-3 (25-27, 11-25, 25-23 y 25-27) lo que permite a las de Juanvi Llinares seguir en esa din\u00e1mica de tranquilidad alcanzada poco antes del par\u00f3n navide\u00f1o y sin excesivas preocupaciones por evitar los puestos de descenso.<\/p>   <p>Las que no pudieron celebrar con triunfo su regreso a casa fueron las chicas del Servigroup Playas de Benidorm, que cay\u00f3 por 1-3 (16-25, 21-25, 27-25 y 19-25) ante el Cartagena que, de esta manera, arrebata a las de Noelia Santacreu la cuarta posici\u00f3n de la clasificaci\u00f3n con un punto m\u00e1s que las benidormenses, que ahora son quintas.<\/p> ","protected":false},"excerpt":{"rendered":"<p>Los de Adriano Lamb sumaron tres puntos y aprovechan el tropiezo de Villena-Petrer en Pinto<\/p>\n","protected":false},"author":0,"featured_media":12829,"comment_status":"open","ping_status":"open","sticky":false,"template":"","format":"standard","meta":{"_acf_changed":false,"footnotes":""},"categories":[16],"tags":[],"class_list":["post-12828","post","type-post","status-publish","format-standard","has-post-thumbnail","hentry","category-deportes"],"acf":{"ser_id":"JKB4YTMTYZGQXLNSVUIRZR532A","ser_url":"https:\/\/cadenaser.com\/comunitat-valenciana\/2025\/02\/09\/el-playas-de-benidorm-mas-lider-radio-benidorm\/"},"_links":{"self":[{"href":"https:\/\/serbenidorm.daliisolutions.com\/index.php\/wp-json\/wp\/v2\/posts\/12828","targetHints":{"allow":["GET"]}}],"collection":[{"href":"https:\/\/serbenidorm.daliisolutions.com\/index.php\/wp-json\/wp\/v2\/posts"}],"about":[{"href":"https:\/\/serbenidorm.daliisolutions.com\/index.php\/wp-json\/wp\/v2\/types\/post"}],"replies":[{"embeddable":true,"href":"https:\/\/serbenidorm.daliisolutions.com\/index.php\/wp-json\/wp\/v2\/comments?post=12828"}],"version-history":[{"count":0,"href":"https:\/\/serbenidorm.daliisolutions.com\/index.php\/wp-json\/wp\/v2\/posts\/12828\/revisions"}],"wp:featuredmedia":[{"embeddable":true,"href":"https:\/\/serbenidorm.daliisolutions.com\/index.php\/wp-json\/wp\/v2\/media\/12829"}],"wp:attachment":[{"href":"https:\/\/serbenidorm.daliisolutions.com\/index.php\/wp-json\/wp\/v2\/media?parent=12828"}],"wp:term":[{"taxonomy":"category","embeddable":true,"href":"https:\/\/serbenidorm.daliisolutions.com\/index.php\/wp-json\/wp\/v2\/categories?post=12828"},{"taxonomy":"post_tag","embeddable":true,"href":"https:\/\/serbenidorm.daliisolutions.com\/index.php\/wp-json\/wp\/v2\/tags?post=12828"}],"curies":[{"name":"wp","href":"https:\/\/api.w.org\/{rel}","templated":true}]}}