{"id":12833,"date":"2025-02-10T19:51:38","date_gmt":"2025-02-10T18:51:38","guid":{"rendered":"https:\/\/serbenidorm.daliisolutions.com\/index.php\/2025\/02\/10\/benidorm-destina-62-000-euros-a-impermeabilizar-la-plaza-del-ayuntamiento-y-acabar-con-las-filtraciones-en-el-parking\/"},"modified":"2025-02-10T19:51:38","modified_gmt":"2025-02-10T18:51:38","slug":"benidorm-destina-62-000-euros-a-impermeabilizar-la-plaza-del-ayuntamiento-y-acabar-con-las-filtraciones-en-el-parking","status":"publish","type":"post","link":"https:\/\/serbenidorm.daliisolutions.com\/index.php\/2025\/02\/10\/benidorm-destina-62-000-euros-a-impermeabilizar-la-plaza-del-ayuntamiento-y-acabar-con-las-filtraciones-en-el-parking\/","title":{"rendered":"Benidorm destina 62.000 euros a impermeabilizar la plaza del Ayuntamiento y acabar con las filtraciones en el parking"},"content":{"rendered":"  <p><div data-adtype=\"MLDB\"><\/div><\/p>   <p>Benidorm<\/p>   <p>El ayuntamiento de Benidorm va a destinar 62.000 euros a realizar tareas de reparaci\u00f3n e impermeabilizaci\u00f3n de la plaza de Sus Majestades Los Reyes de Espa\u00f1a, donde se ubica el edificio consistorial, <a href=\"https:\/\/cadenaser.com\/tag\/benidorm\/a\/\" target=\"_blank\">para acabar con las filtraciones viene sufriendo con frecuencia desde hace tiempo el aparcamiento que se ubica bajo su suelo<\/a>.<\/p>   <p>Los trabajos ya han dado inicio y se prev\u00e9 que est\u00e9n finalizados en marzo. Consisten en la sustituci\u00f3n de 77 metros del imbornal por una r\u00edgola de granito microgramo de color gris sobre una base de hormig\u00f3n en masa que servir\u00e1 para conducir las aguas de lluvia para su evacuaci\u00f3n.<\/p>  <p><p>M\u00e1s informaci\u00f3n<\/p><figure><img loading=\"lazy\" decoding=\"async\" src=\"https:\/\/cadenaser.com\/resizer\/v2\/VC4DTA2VMZFMJPHEKNUJQJDT7E.jpg?auth=545cf73e7ca72b3349efa40b523fc02a9f2a5973314954bb089cd9d59bd6f985&amp;quality=70&amp;width=360&amp;height=202&amp;smart=true\" width=\"820\" height=\"621\" \/><\/figure><ul><li><a href=\"https:\/\/cadenaser.com\/comunitat-valenciana\/2025\/02\/07\/benidorm-pone-en-marcha-la-plataforma-para-autorizar-los-accesos-a-la-zona-de-bajas-emisiones-radio-benidorm\/\"><span>Benidorm pone en marcha la plataforma para autorizar los accesos a la Zona de Bajas Emisiones<\/span><\/a><\/li><\/ul><\/p>   <p>Las obras, seg\u00fan ha explicado el concejal de Espacio P\u00fablico, Francis Mu\u00f1oz, est\u00e1n incluidas en la inversi\u00f3n anual prevista para el mantenimiento y conservaci\u00f3n del parking de L\u2019Aig\u00fcera y cumplen tres objetivos. <\/p>   <p>\u201cPor un lado acabamos con las filtraciones a la parte inferior donde est\u00e1 el parking, pero tambi\u00e9n se har\u00e1 mucho m\u00e1s sencilla la limpieza de la zona, que era muy complicada con la rejilla, y al mismo tiempo ganamos en accesibilidad\u201d, ha afirmado.<\/p>   <p>Hasta ahora el agua de lluvia se ven\u00eda filtrando al aparcamiento subterr\u00e1neo a trav\u00e9s de las rejillas existentes en la parte superior de la plaza. <\/p>   <p>     .c-w{         max-width:444px;         width:100%;         margin:32px auto;      background:#00755E;         border-radius:4px;         display:flex;         align-items:center;         justify-content:center;     }     .c-w a{         display:flex;         align-items:center;         justify-content:center;         padding:4px 24px;     }     .c-w img{         width:24px;         margin-right:12px;     }     .c-w p{         font:18px\/25px Poppins;         text-align:center;         color:#fff;         margin:0;     }     @media (max-width:444px){         .c-w a{             padding:4px 12px;         }         .c-w img{             width:24px;             margin-right:8px;         }         .c-w p{             font:14px\/25px Poppins;         }     }     @media (max-width:335px){         .c-w p{             font:13px\/25px Poppins;         }     }  <div class=\"c-w\">     <a href=\"https:\/\/www.whatsapp.com\/channel\/0029Va633PF9WtC4l7XUzh1e\" rel=\"nofollow\" target=\"_blank\">         <img decoding=\"async\" src=\"https:\/\/cadenaser.com\/estaticos\/recursosgraficos\/responsive\/img\/ico-whatsapp.svg\" alt=\"Whatsapp\">         <p>\u00danete al <b>canal de WhatsApp<\/b> de la SER<\/p>     <\/a> <\/div><\/p> ","protected":false},"excerpt":{"rendered":"<p>La obra terminar\u00e1 en marzo<\/p>\n","protected":false},"author":0,"featured_media":12834,"comment_status":"open","ping_status":"open","sticky":false,"template":"","format":"standard","meta":{"_acf_changed":false,"footnotes":""},"categories":[1],"tags":[],"class_list":["post-12833","post","type-post","status-publish","format-standard","has-post-thumbnail","hentry","category-sin-categoria"],"acf":{"ser_id":"K3TYO5JRWBAE7OTFRGIEUVCHSM","ser_url":"https:\/\/cadenaser.com\/comunitat-valenciana\/2025\/02\/10\/benidorm-destina-62000-euros-a-impermeabilizar-la-plaza-del-ayuntamiento-y-acabar-con-las-filtraciones-en-el-parking-radio-benidorm\/"},"_links":{"self":[{"href":"https:\/\/serbenidorm.daliisolutions.com\/index.php\/wp-json\/wp\/v2\/posts\/12833","targetHints":{"allow":["GET"]}}],"collection":[{"href":"https:\/\/serbenidorm.daliisolutions.com\/index.php\/wp-json\/wp\/v2\/posts"}],"about":[{"href":"https:\/\/serbenidorm.daliisolutions.com\/index.php\/wp-json\/wp\/v2\/types\/post"}],"replies":[{"embeddable":true,"href":"https:\/\/serbenidorm.daliisolutions.com\/index.php\/wp-json\/wp\/v2\/comments?post=12833"}],"version-history":[{"count":0,"href":"https:\/\/serbenidorm.daliisolutions.com\/index.php\/wp-json\/wp\/v2\/posts\/12833\/revisions"}],"wp:featuredmedia":[{"embeddable":true,"href":"https:\/\/serbenidorm.daliisolutions.com\/index.php\/wp-json\/wp\/v2\/media\/12834"}],"wp:attachment":[{"href":"https:\/\/serbenidorm.daliisolutions.com\/index.php\/wp-json\/wp\/v2\/media?parent=12833"}],"wp:term":[{"taxonomy":"category","embeddable":true,"href":"https:\/\/serbenidorm.daliisolutions.com\/index.php\/wp-json\/wp\/v2\/categories?post=12833"},{"taxonomy":"post_tag","embeddable":true,"href":"https:\/\/serbenidorm.daliisolutions.com\/index.php\/wp-json\/wp\/v2\/tags?post=12833"}],"curies":[{"name":"wp","href":"https:\/\/api.w.org\/{rel}","templated":true}]}}