{"id":12847,"date":"2025-02-11T12:03:26","date_gmt":"2025-02-11T11:03:26","guid":{"rendered":"https:\/\/serbenidorm.daliisolutions.com\/index.php\/2025\/02\/11\/susto-en-la-vila-tras-el-accidente-de-un-autobus-que-cubre-el-servicio-del-tram\/"},"modified":"2025-02-11T12:03:26","modified_gmt":"2025-02-11T11:03:26","slug":"susto-en-la-vila-tras-el-accidente-de-un-autobus-que-cubre-el-servicio-del-tram","status":"publish","type":"post","link":"https:\/\/serbenidorm.daliisolutions.com\/index.php\/2025\/02\/11\/susto-en-la-vila-tras-el-accidente-de-un-autobus-que-cubre-el-servicio-del-tram\/","title":{"rendered":"Susto en La Vila tras el accidente de un autob\u00fas que cubre el servicio del Tram"},"content":{"rendered":"  <p><div data-adtype=\"MLDB\"><\/div><\/p>   <p>La Vila Joiosa<\/p>   <p>Uno de los autobuses que cubre el servicio de pasajeros entre las estaciones del Tram d\u2019Alacant entre La Vila y Benidorm debido a las obras que se est\u00e1n realizando en la v\u00eda del servicio ferroviario ha sufrido esta ma\u00f1ana un llamativo accidente a la altura de la rotonda del Tanatorio de la Marina Baixa.<\/p>   <p>Seg\u00fan han confirmado a Radio Benidorm-SER fuentes municipales, el accidente se habr\u00eda producido por un despiste del conductor del veh\u00edculo, que ha acabado \u2018subido\u2019 a la rotonda. Tras el accidente, los agentes de polic\u00eda que se han personado en el lugar han sometido al conductor al preceptivo control de alcoholemia en el que ha dado resultado negativo.<\/p>   <p>En el momento del accidente el autob\u00fas transportaba a medio centenar de pasajeros que, por fortuna, han resultado ilesos y s\u00f3lo han tenido que lamentar el susto y el retraso en la llegada a su destino despu\u00e9s de esperar a un nuevo autob\u00fas que les ha permitido completar el trayecto.<\/p> ","protected":false},"excerpt":{"rendered":"<p>El percance se ha producido por el despiste del conductor y no ha producido heridos<\/p>\n","protected":false},"author":0,"featured_media":12848,"comment_status":"open","ping_status":"open","sticky":false,"template":"","format":"standard","meta":{"_acf_changed":false,"footnotes":""},"categories":[1],"tags":[],"class_list":["post-12847","post","type-post","status-publish","format-standard","has-post-thumbnail","hentry","category-sin-categoria"],"acf":{"ser_id":"E5BDCXO74ZHH7BW57MLKSVSQKI","ser_url":"https:\/\/cadenaser.com\/comunitat-valenciana\/2025\/02\/11\/susto-en-la-vila-tras-el-accidente-de-un-autobus-que-cubre-el-servicio-del-tram-radio-benidorm\/"},"_links":{"self":[{"href":"https:\/\/serbenidorm.daliisolutions.com\/index.php\/wp-json\/wp\/v2\/posts\/12847","targetHints":{"allow":["GET"]}}],"collection":[{"href":"https:\/\/serbenidorm.daliisolutions.com\/index.php\/wp-json\/wp\/v2\/posts"}],"about":[{"href":"https:\/\/serbenidorm.daliisolutions.com\/index.php\/wp-json\/wp\/v2\/types\/post"}],"replies":[{"embeddable":true,"href":"https:\/\/serbenidorm.daliisolutions.com\/index.php\/wp-json\/wp\/v2\/comments?post=12847"}],"version-history":[{"count":0,"href":"https:\/\/serbenidorm.daliisolutions.com\/index.php\/wp-json\/wp\/v2\/posts\/12847\/revisions"}],"wp:featuredmedia":[{"embeddable":true,"href":"https:\/\/serbenidorm.daliisolutions.com\/index.php\/wp-json\/wp\/v2\/media\/12848"}],"wp:attachment":[{"href":"https:\/\/serbenidorm.daliisolutions.com\/index.php\/wp-json\/wp\/v2\/media?parent=12847"}],"wp:term":[{"taxonomy":"category","embeddable":true,"href":"https:\/\/serbenidorm.daliisolutions.com\/index.php\/wp-json\/wp\/v2\/categories?post=12847"},{"taxonomy":"post_tag","embeddable":true,"href":"https:\/\/serbenidorm.daliisolutions.com\/index.php\/wp-json\/wp\/v2\/tags?post=12847"}],"curies":[{"name":"wp","href":"https:\/\/api.w.org\/{rel}","templated":true}]}}