{"id":12855,"date":"2025-02-11T14:16:39","date_gmt":"2025-02-11T13:16:39","guid":{"rendered":"https:\/\/serbenidorm.daliisolutions.com\/index.php\/2025\/02\/11\/espana-brilla-con-14-medallas-en-el-boxam-international-2025\/"},"modified":"2025-02-11T14:16:39","modified_gmt":"2025-02-11T13:16:39","slug":"espana-brilla-con-14-medallas-en-el-boxam-international-2025","status":"publish","type":"post","link":"https:\/\/serbenidorm.daliisolutions.com\/index.php\/2025\/02\/11\/espana-brilla-con-14-medallas-en-el-boxam-international-2025\/","title":{"rendered":"Espa\u00f1a brilla con 14 medallas en el Boxam International 2025"},"content":{"rendered":"  <p><div data-adtype=\"MLDB\"><\/div><\/p>   <p>La Nuc\u00eda<\/p>   <p>Espa\u00f1a tuvo una destacada actuaci\u00f3n en el Boxam International Tournament 2025, celebrado en La Nuc\u00eda  del 4 al 8 de febrero. El combinado nacional sum\u00f3 14 medallas, incluidas tres de oro, con los triunfos de Pablo Coy, Noelia Guti\u00e9rrez y Mariana Soto. La competici\u00f3n, que sirvi\u00f3 de preparaci\u00f3n para los Mundiales de boxeo femenino en Serbia (marzo) y masculino en Kazajist\u00e1n (mayo), reuni\u00f3 a 200 boxeadores de 20 pa\u00edses.<\/p>   <p>Gran nivel en La Nuc\u00eda<\/p>   <p>Por tercer a\u00f1o consecutivo, el Pabell\u00f3n Muixara de La Nuc\u00eda fue sede de este torneo internacional de boxeo \u00e9lite, que atrajo a campeones ol\u00edmpicos y mundiales. El evento cont\u00f3 con una gran asistencia de p\u00fablico y fue retransmitido en directo a trav\u00e9s del canal de YouTube de la RFEBoxeo.<\/p>   <p>La entrega de medallas cont\u00f3 con la presencia de Felipe Mart\u00ednez, presidente de la Real Federaci\u00f3n Espa\u00f1ola de Boxeo (RFEBoxeo), y Bernab\u00e9 Cano, alcalde de La Nuc\u00eda y diputado de Deportes. Adem\u00e1s, asisti\u00f3 el legendario Lennox Lewis, campe\u00f3n ol\u00edmpico y del mundo profesional.<\/p>   <p>Espa\u00f1a brilla con tres oros<\/p>   <p>Bajo la direcci\u00f3n del seleccionador Rafa Lozano, la selecci\u00f3n espa\u00f1ola mostr\u00f3 su gran nivel, obteniendo 3 oros, 3 platas y 8 bronces. Lozano destac\u00f3 que \u201cLa Nuc\u00eda nos da suerte\u201d, recordando el \u00e9xito de los pasados Juegos Ol\u00edmpicos de Par\u00eds, donde Espa\u00f1a logr\u00f3 clasificar a seis boxeadores y obtuvo dos medallas.<\/p>   <p>En la categor\u00eda femenina, Noelia Guti\u00e9rrez se proclam\u00f3 campeona en -52 kg tras vencer a la rumana Mihaela Badescu, mientras que Mariana Soto se impuso en -63 kg frente a la inglesa Ella Thompstone. En la categor\u00eda masculina, el eldense Pablo Coy consigui\u00f3 el oro tras derrotar al brit\u00e1nico Dimeji Shittu.<\/p>   <p>     .c-w{         max-width:444px;         width:100%;         margin:32px auto;      background:#00755E;         border-radius:4px;         display:flex;         align-items:center;         justify-content:center;     }     .c-w a{         display:flex;         align-items:center;         justify-content:center;         padding:4px 24px;     }     .c-w img{         width:24px;         margin-right:12px;     }     .c-w p{         font:18px\/25px Poppins;         text-align:center;         color:#fff;         margin:0;     }     @media (max-width:444px){         .c-w a{             padding:4px 12px;         }         .c-w img{             width:24px;             margin-right:8px;         }         .c-w p{             font:14px\/25px Poppins;         }     }     @media (max-width:335px){         .c-w p{             font:13px\/25px Poppins;         }     }  <div class=\"c-w\">     <a href=\"https:\/\/www.whatsapp.com\/channel\/0029Va633PF9WtC4l7XUzh1e\" rel=\"nofollow\" target=\"_blank\">         <img decoding=\"async\" src=\"https:\/\/cadenaser.com\/estaticos\/recursosgraficos\/responsive\/img\/ico-whatsapp.svg\" alt=\"Whatsapp\">         <p>\u00danete al <b>canal de WhatsApp<\/b> de la SER<\/p>     <\/a> <\/div><\/p>   <p>Kazajist\u00e1n domina el medallero<\/p>   <p>Kazajist\u00e1n fue la selecci\u00f3n m\u00e1s laureada del torneo, con 6 oros y un total de 18 medallas, consolid\u00e1ndose como una de las potencias mundiales del boxeo. Inglaterra y Ucrania tambi\u00e9n destacaron, logrando 5 y 4 oros, respectivamente.<\/p>   <p>Impacto econ\u00f3mico y deportivo<\/p>   <p>La Nuc\u00eda reafirma su posici\u00f3n como epicentro del deporte internacional con la celebraci\u00f3n de este torneo, que ha generado m\u00e1s de 2.000 pernoctaciones en la comarca y un notable impacto econ\u00f3mico. \u201cEste ha sido el primero de los grandes eventos deportivos de 2025 en La Nuc\u00eda, contribuyendo a su promoci\u00f3n como \u2018Ciudad del Deporte\u2019 a nivel mundial\u201d, se\u00f1al\u00f3 el alcalde Bernab\u00e9 Cano.<\/p> ","protected":false},"excerpt":{"rendered":"<p>La selecci\u00f3n espa\u00f1ola logra tres oros en La Nuc\u00eda, destacando la actuaci\u00f3n de Pablo Coy, Noelia Guti\u00e9rrez y Mariana Soto en un torneo de alto nivel<\/p>\n","protected":false},"author":0,"featured_media":12856,"comment_status":"open","ping_status":"open","sticky":false,"template":"","format":"standard","meta":{"_acf_changed":false,"footnotes":""},"categories":[16],"tags":[],"class_list":["post-12855","post","type-post","status-publish","format-standard","has-post-thumbnail","hentry","category-deportes"],"acf":{"ser_id":"7M4YX32TGBHR5JTBT2YB353AZ4","ser_url":"https:\/\/cadenaser.com\/comunitat-valenciana\/2025\/02\/11\/espana-brilla-con-14-medallas-en-el-boxam-international-2025-radio-benidorm\/"},"_links":{"self":[{"href":"https:\/\/serbenidorm.daliisolutions.com\/index.php\/wp-json\/wp\/v2\/posts\/12855","targetHints":{"allow":["GET"]}}],"collection":[{"href":"https:\/\/serbenidorm.daliisolutions.com\/index.php\/wp-json\/wp\/v2\/posts"}],"about":[{"href":"https:\/\/serbenidorm.daliisolutions.com\/index.php\/wp-json\/wp\/v2\/types\/post"}],"replies":[{"embeddable":true,"href":"https:\/\/serbenidorm.daliisolutions.com\/index.php\/wp-json\/wp\/v2\/comments?post=12855"}],"version-history":[{"count":0,"href":"https:\/\/serbenidorm.daliisolutions.com\/index.php\/wp-json\/wp\/v2\/posts\/12855\/revisions"}],"wp:featuredmedia":[{"embeddable":true,"href":"https:\/\/serbenidorm.daliisolutions.com\/index.php\/wp-json\/wp\/v2\/media\/12856"}],"wp:attachment":[{"href":"https:\/\/serbenidorm.daliisolutions.com\/index.php\/wp-json\/wp\/v2\/media?parent=12855"}],"wp:term":[{"taxonomy":"category","embeddable":true,"href":"https:\/\/serbenidorm.daliisolutions.com\/index.php\/wp-json\/wp\/v2\/categories?post=12855"},{"taxonomy":"post_tag","embeddable":true,"href":"https:\/\/serbenidorm.daliisolutions.com\/index.php\/wp-json\/wp\/v2\/tags?post=12855"}],"curies":[{"name":"wp","href":"https:\/\/api.w.org\/{rel}","templated":true}]}}