{"id":12857,"date":"2025-02-11T14:16:41","date_gmt":"2025-02-11T13:16:41","guid":{"rendered":"https:\/\/serbenidorm.daliisolutions.com\/index.php\/2025\/02\/11\/tamara-wiedmann-y-samuel-gaze-dominan-la-shimano-super-cup-massi-en-la-nucia\/"},"modified":"2025-02-11T14:16:41","modified_gmt":"2025-02-11T13:16:41","slug":"tamara-wiedmann-y-samuel-gaze-dominan-la-shimano-super-cup-massi-en-la-nucia","status":"publish","type":"post","link":"https:\/\/serbenidorm.daliisolutions.com\/index.php\/2025\/02\/11\/tamara-wiedmann-y-samuel-gaze-dominan-la-shimano-super-cup-massi-en-la-nucia\/","title":{"rendered":"Tamara Wiedmann y Samuel Gaze dominan la Shimano Super Cup Massi en La Nuc\u00eda"},"content":{"rendered":"  <p><div data-adtype=\"MLDB\"><\/div><\/p>   <p>Benidorm<\/p>   <p>La cuarta edici\u00f3n de la Shimano Super Cup Massi MTB XCO La Nuc\u00eda dej\u00f3 un gran espect\u00e1culo con la victoria de la sorprendente Tamara Wiedmann (Mondraker Factory Racing XC) en la categor\u00eda femenina y del neozeland\u00e9s Samuel Gaze (Alpecin) en la masculina. La prueba, que reuni\u00f3 a 490 bikers de primer nivel internacional, se disput\u00f3 este fin de semana en La Nuc\u00eda, Ciudad del Deporte, consolid\u00e1ndose como una de las citas m\u00e1s destacadas del calendario de mountain bike.<\/p>   <p>Wiedmann brilla en su debut con Mondraker<\/p>   <p>La austriaca Tamara Wiedmann protagoniz\u00f3 una actuaci\u00f3n estelar en su estreno con los colores del Mondraker Factory Racing XC. Desde el inicio, marc\u00f3 un ritmo alt\u00edsimo que ninguna de sus rivales pudo seguir, cruzando la meta en primera posici\u00f3n con un tiempo de 1:09:02. La australiana Rebecca Henderson (Orbea Factory Team) termin\u00f3 segunda a 51 segundos, mientras que la campeona ol\u00edmpica suiza Jolanda Neff (Cannondale Factory Team) fue tercera tras sufrir una ca\u00edda que fren\u00f3 su remontada. Isla Short (Escocia) y Chiara Teocchi (Italia) completaron el top 5.<\/p>   <p>Gaze repite victoria en La Nuc\u00eda<\/p>   <p>La carrera masculina fue un aut\u00e9ntico duelo de XCO ol\u00edmpico con un gran nivel de competidores. La prueba estuvo marcada por la ca\u00edda del campe\u00f3n mundial de XCM, Simon Andreassen (Orbea Fox Factory Team), que dividi\u00f3 al grupo de cabeza. El bicampe\u00f3n mundial de short track, Sam Gaze (Alpecin), se qued\u00f3 solo junto al alem\u00e1n Maximilian Brandl (Lapierre Racing Unity) en la lucha por la victoria. En la \u00faltima vuelta, el neozeland\u00e9s aument\u00f3 el ritmo y cruz\u00f3 la meta en solitario con un tiempo de 1:36:46, logrando su segundo triunfo en La Nuc\u00eda tras el de 2023. Brandl finaliz\u00f3 segundo a 12 segundos, mientras que el espa\u00f1ol David Valero (BH Coloma Team) complet\u00f3 el podio con una gran remontada. Su compa\u00f1ero Jofre Cullell fue cuarto, seguido del belga Arne Erik Janssens.<\/p>   <p>Un evento de referencia en el MTB internacional<\/p>   <p>El circuito de 4,5 km, dise\u00f1ado por el medallista ol\u00edmpico Carlos Coloma, ofreci\u00f3 un espect\u00e1culo \u00fanico con tramos t\u00e9cnicos y exigentes. La Shimano Super Cup Massi de La Nuc\u00eda 2025, organizada por el club local La Nuc\u00eda Coloma Bike Club con el apoyo de Costa Blanca-Diputaci\u00f3n de Alicante y el Ayuntamiento de La Nuc\u00eda, cont\u00f3 con una gran presencia de p\u00fablico y retransmisi\u00f3n en directo a trav\u00e9s de Ocisport TV. En la categor\u00eda por equipos, el BH Coloma Team se llev\u00f3 la victoria y tambi\u00e9n subi\u00f3 al podio en f\u00e9minas sub-23 con Sof\u00eda Waite en tercera posici\u00f3n.<\/p> ","protected":false},"excerpt":{"rendered":"<p>La biker austriaca y el neozeland\u00e9s se imponen en una prueba de alto nivel con casi 500 participantes y gran presencia de p\u00fablico<\/p>\n","protected":false},"author":0,"featured_media":12858,"comment_status":"open","ping_status":"open","sticky":false,"template":"","format":"standard","meta":{"_acf_changed":false,"footnotes":""},"categories":[16],"tags":[],"class_list":["post-12857","post","type-post","status-publish","format-standard","has-post-thumbnail","hentry","category-deportes"],"acf":{"ser_id":"XHQ7ALIPOZDLTAJ2PXILHCBU7I","ser_url":"https:\/\/cadenaser.com\/comunitat-valenciana\/2025\/02\/11\/tamara-wiedmann-y-samuel-gaze-dominan-la-shimano-super-cup-massi-en-la-nucia-radio-benidorm\/"},"_links":{"self":[{"href":"https:\/\/serbenidorm.daliisolutions.com\/index.php\/wp-json\/wp\/v2\/posts\/12857","targetHints":{"allow":["GET"]}}],"collection":[{"href":"https:\/\/serbenidorm.daliisolutions.com\/index.php\/wp-json\/wp\/v2\/posts"}],"about":[{"href":"https:\/\/serbenidorm.daliisolutions.com\/index.php\/wp-json\/wp\/v2\/types\/post"}],"replies":[{"embeddable":true,"href":"https:\/\/serbenidorm.daliisolutions.com\/index.php\/wp-json\/wp\/v2\/comments?post=12857"}],"version-history":[{"count":0,"href":"https:\/\/serbenidorm.daliisolutions.com\/index.php\/wp-json\/wp\/v2\/posts\/12857\/revisions"}],"wp:featuredmedia":[{"embeddable":true,"href":"https:\/\/serbenidorm.daliisolutions.com\/index.php\/wp-json\/wp\/v2\/media\/12858"}],"wp:attachment":[{"href":"https:\/\/serbenidorm.daliisolutions.com\/index.php\/wp-json\/wp\/v2\/media?parent=12857"}],"wp:term":[{"taxonomy":"category","embeddable":true,"href":"https:\/\/serbenidorm.daliisolutions.com\/index.php\/wp-json\/wp\/v2\/categories?post=12857"},{"taxonomy":"post_tag","embeddable":true,"href":"https:\/\/serbenidorm.daliisolutions.com\/index.php\/wp-json\/wp\/v2\/tags?post=12857"}],"curies":[{"name":"wp","href":"https:\/\/api.w.org\/{rel}","templated":true}]}}