{"id":12874,"date":"2025-02-11T17:34:10","date_gmt":"2025-02-11T16:34:10","guid":{"rendered":"https:\/\/serbenidorm.daliisolutions.com\/index.php\/2025\/02\/11\/premio-radio-benidorm-en-sanidad-afa-marina-baixa\/"},"modified":"2025-02-11T17:34:10","modified_gmt":"2025-02-11T16:34:10","slug":"premio-radio-benidorm-en-sanidad-afa-marina-baixa","status":"publish","type":"post","link":"https:\/\/serbenidorm.daliisolutions.com\/index.php\/2025\/02\/11\/premio-radio-benidorm-en-sanidad-afa-marina-baixa\/","title":{"rendered":"Premio Radio Benidorm en Sanidad: AFA Marina Baixa"},"content":{"rendered":"  <p><div data-adtype=\"MLDB\"><\/div><\/p>   <p>Benidorm<\/p>   <p>AFA Marina Baixa recibir\u00e1 este a\u00f1o el Premio Radio Benidorm SER en Sanidad.<\/p>   <p>El jurado de los premios ha decidido que la Asociaci\u00f3n de Familiares de Alzheimer es merecedora la distinci\u00f3n por llevar casi tres d\u00e9cadas prestando un servicio de \u00abutilidad p\u00fablica\u00bb a diario a m\u00e1s de un centenar de pacientes, familiares y cuidadores. <\/p>   <p>Mejorar la calidad de vida de los enfermos y quienes les rodean, orientarles en cuestiones sanitarias, sociales, jur\u00eddicas, psicol\u00f3gicas o econ\u00f3micas y sensibilizar a la opini\u00f3n p\u00fablica y a las instituciones son solo algunas de las variables de su impagable trabajo.<\/p>   <p>La presidenta de AFA Marina Baixa ha recordado en <a href=\"https:\/\/radiobenidorm.es\" target=\"_blank\" rel=\"nofollow\" title=\"https:\/\/radiobenidorm.es\">Hoy por Hoy Benidorm <\/a>que la asociaci\u00f3n viene de pasar una mala \u00e9poca <a href=\"https:\/\/cadenaser.com\/comunitat-valenciana\/2024\/06\/26\/la-asociacion-de-alzheimer-de-la-marina-baixa-reclama-a-la-administracion-soluciones-urgentes-para-evitar-su-desaparicion-radio-benidorm\/\" target=\"_blank\" rel=\"nofollow\" title=\"https:\/\/cadenaser.com\/comunitat-valenciana\/2024\/06\/26\/la-asociacion-de-alzheimer-de-la-marina-baixa-reclama-a-la-administracion-soluciones-urgentes-para-evitar-su-desaparicion-radio-benidorm\/\">\u00aben la que casi estuvimos a punto de desaparecer\u00bb<\/a> pero que, afortunadamente, ahora mismo su situaci\u00f3n es \u00abestable dentro de la inestabilidad\u00bb. Mondrag\u00f3n explica que la asociaci\u00f3n sigue necesitando recursos econ\u00f3micos \u00abpara pagar las n\u00f3minas de los profesionales que prestan servicio\u00bb y que necesita que esas aportaciones y subvenciones se hagan de forma puntual.<\/p>   <p>Afortunadamente, la asociaci\u00f3n en este tiempo ha podido aumentar en un profesional m\u00e1s su plantilla y atender no solo a pacientes con alzheimer sino tambi\u00e9n a sus familias \u00abpara aprender a cuidar al cuidador\u00bb, se\u00f1ala la presidenta de AFA.<\/p>   <p>     .c-w{         max-width:444px;         width:100%;         margin:32px auto;      background:#00755E;         border-radius:4px;         display:flex;         align-items:center;         justify-content:center;     }     .c-w a{         display:flex;         align-items:center;         justify-content:center;         padding:4px 24px;     }     .c-w img{         width:24px;         margin-right:12px;     }     .c-w p{         font:18px\/25px Poppins;         text-align:center;         color:#fff;         margin:0;     }     @media (max-width:444px){         .c-w a{             padding:4px 12px;         }         .c-w img{             width:24px;             margin-right:8px;         }         .c-w p{             font:14px\/25px Poppins;         }     }     @media (max-width:335px){         .c-w p{             font:13px\/25px Poppins;         }     }  <div class=\"c-w\">     <a href=\"https:\/\/www.whatsapp.com\/channel\/0029Va633PF9WtC4l7XUzh1e\" rel=\"nofollow\" target=\"_blank\">         <img decoding=\"async\" src=\"https:\/\/cadenaser.com\/estaticos\/recursosgraficos\/responsive\/img\/ico-whatsapp.svg\" alt=\"Whatsapp\">         <p>\u00danete al <b>canal de WhatsApp<\/b> de la SER<\/p>     <\/a> <\/div><\/p>   <p>Adem\u00e1s la trabajadora social del colectivo, Inma Grimal, ha destacado la importancia de las actividades de ocio y sociales que dedican a los familiares para \u00abque puedan establecer lazos entre ellos y hacer mas llevadera su labor de cuidadores\u00bb. <\/p>   <p>Asimismo ha se\u00f1alado que la asociaci\u00f3n ha incorporado recientemente una nueva terapia en piscina en la que enfermos y familiares participan de forma conjunta y \u00abvemos c\u00f3mo se recupera ese contacto y esa cercan\u00eda\u00bb. <\/p>   <p>Los Premios Radio Benidorm SER se entregar\u00e1n el martes 18 de febrero a las 19.00 horas.<\/p> ","protected":false},"excerpt":{"rendered":"<p>La asociaci\u00f3n presta servicios a enfermos de Alzheimer y sus familias desde hace 3 d\u00e9cadas<\/p>\n","protected":false},"author":0,"featured_media":12875,"comment_status":"open","ping_status":"open","sticky":false,"template":"","format":"standard","meta":{"_acf_changed":false,"footnotes":""},"categories":[1],"tags":[],"class_list":["post-12874","post","type-post","status-publish","format-standard","has-post-thumbnail","hentry","category-sin-categoria"],"acf":{"ser_id":"6UOX4O5ATRANTI2RKSUYRUJ4SM","ser_url":"https:\/\/cadenaser.com\/comunitat-valenciana\/2025\/02\/11\/premio-radio-benidorm-en-sanidad-afa-marina-baixa-radio-benidorm\/"},"_links":{"self":[{"href":"https:\/\/serbenidorm.daliisolutions.com\/index.php\/wp-json\/wp\/v2\/posts\/12874","targetHints":{"allow":["GET"]}}],"collection":[{"href":"https:\/\/serbenidorm.daliisolutions.com\/index.php\/wp-json\/wp\/v2\/posts"}],"about":[{"href":"https:\/\/serbenidorm.daliisolutions.com\/index.php\/wp-json\/wp\/v2\/types\/post"}],"replies":[{"embeddable":true,"href":"https:\/\/serbenidorm.daliisolutions.com\/index.php\/wp-json\/wp\/v2\/comments?post=12874"}],"version-history":[{"count":0,"href":"https:\/\/serbenidorm.daliisolutions.com\/index.php\/wp-json\/wp\/v2\/posts\/12874\/revisions"}],"wp:featuredmedia":[{"embeddable":true,"href":"https:\/\/serbenidorm.daliisolutions.com\/index.php\/wp-json\/wp\/v2\/media\/12875"}],"wp:attachment":[{"href":"https:\/\/serbenidorm.daliisolutions.com\/index.php\/wp-json\/wp\/v2\/media?parent=12874"}],"wp:term":[{"taxonomy":"category","embeddable":true,"href":"https:\/\/serbenidorm.daliisolutions.com\/index.php\/wp-json\/wp\/v2\/categories?post=12874"},{"taxonomy":"post_tag","embeddable":true,"href":"https:\/\/serbenidorm.daliisolutions.com\/index.php\/wp-json\/wp\/v2\/tags?post=12874"}],"curies":[{"name":"wp","href":"https:\/\/api.w.org\/{rel}","templated":true}]}}