{"id":12886,"date":"2025-02-12T08:06:16","date_gmt":"2025-02-12T07:06:16","guid":{"rendered":"https:\/\/serbenidorm.daliisolutions.com\/index.php\/2025\/02\/12\/el-sindicato-mayoritario-del-ayuntamiento-de-benidorm-exige-refuerzos-para-la-inspeccion-de-viviendas-turisticas\/"},"modified":"2025-02-12T08:06:16","modified_gmt":"2025-02-12T07:06:16","slug":"el-sindicato-mayoritario-del-ayuntamiento-de-benidorm-exige-refuerzos-para-la-inspeccion-de-viviendas-turisticas","status":"publish","type":"post","link":"https:\/\/serbenidorm.daliisolutions.com\/index.php\/2025\/02\/12\/el-sindicato-mayoritario-del-ayuntamiento-de-benidorm-exige-refuerzos-para-la-inspeccion-de-viviendas-turisticas\/","title":{"rendered":"El sindicato mayoritario del Ayuntamiento de Benidorm exige refuerzos para la inspecci\u00f3n de viviendas tur\u00edsticas"},"content":{"rendered":"  <p><div data-adtype=\"MLDB\"><\/div><\/p>   <p>Benidorm<\/p>   <p>El Sindicato Profesional de Polic\u00edas Locales y Bomberos, central mayoritaria en el Ayuntamiento de Benidorm, ha solicitado esta semana mediante un escrito que \u00abde forma inmediata\u00bb se convoquen las veinte plazas de agente de Polic\u00eda Local y las otras seis inspectores municipales que constan en el Oferta de Empleo P\u00fablico del a\u00f1o 2024. <\/p>   <p>El portavoz del sindicato profesional, Francisco A. Gonz\u00e1lez, ha manifestado que \u00abes urgente\u00bb que se cubran estas plazas para poder hacer frente al compromiso que el consistorio de la capital tur\u00edstica ha contra\u00eddo al adherirse al convenio marco firmado por la Generalitat Valenciana y la Federaci\u00f3n Valenciana de Municipios y Provincias (FVMP) para inspeccionar y sancionar a las viviendas tur\u00edsticas.<\/p>  <p><p>M\u00e1s informaci\u00f3n<\/p><figure><img loading=\"lazy\" decoding=\"async\" src=\"https:\/\/cadenaser.com\/resizer\/v2\/GGJRMSMCOJFLNN7AVE4S5IPRZU.png?auth=76112252f07a9b254fc98f66ee0c90825aad718fad928ca37d182332ef57b07c&amp;quality=70&amp;width=360&amp;height=202&amp;smart=true\" width=\"820\" height=\"621\" \/><\/figure><ul><li><a href=\"https:\/\/cadenaser.com\/comunitat-valenciana\/2025\/02\/07\/benidorm-pone-en-marcha-la-plataforma-para-autorizar-los-accesos-a-la-zona-de-bajas-emisiones-radio-benidorm\/\"><span>Benidorm pone en marcha la plataforma para autorizar los accesos a la Zona de Bajas Emisiones<\/span><\/a><\/li><\/ul><\/p>   <p>\u00abSe hace necesario reforzar la plantilla que empieza a tener d\u00e9ficit por motivo de las jubilaciones que se est\u00e1n produciendo\u00bb, ha explicado Gonz\u00e1lez. <\/p>   <p>Entre las competencias delegadas por la Generalitat a la administraci\u00f3n municipal est\u00e1n la incoaci\u00f3n, instrucci\u00f3n y resoluci\u00f3n de los procedimientos sancionadores por la comisi\u00f3n de faltas leves, graves y muy graves en materia de viviendas de uso tur\u00edstico.<\/p>   <p>El alcalde descarta la declaraci\u00f3n de zonas tensionadas<\/p>   <p>El alcalde de Benidorm, Toni P\u00e9rez, ya descart\u00f3 a finales del a\u00f1o pasado la posibilidad de declarar en la ciudad alguna zona que se pueda considerar tensionada por los precios de los alquileres y <a href=\"https:\/\/cadenaser.com\/tag\/benidorm\/a\/\" target=\"_blank\">ha abogado por afrontar el problema de la vivienda  sin intervenir el mercado y mediante la construcci\u00f3n de vivienda<\/a>.<\/p>   <p>     .c-w{         max-width:444px;         width:100%;         margin:32px auto;      background:#00755E;         border-radius:4px;         display:flex;         align-items:center;         justify-content:center;     }     .c-w a{         display:flex;         align-items:center;         justify-content:center;         padding:4px 24px;     }     .c-w img{         width:24px;         margin-right:12px;     }     .c-w p{         font:18px\/25px Poppins;         text-align:center;         color:#fff;         margin:0;     }     @media (max-width:444px){         .c-w a{             padding:4px 12px;         }         .c-w img{             width:24px;             margin-right:8px;         }         .c-w p{             font:14px\/25px Poppins;         }     }     @media (max-width:335px){         .c-w p{             font:13px\/25px Poppins;         }     }  <div class=\"c-w\">     <a href=\"https:\/\/www.whatsapp.com\/channel\/0029Va633PF9WtC4l7XUzh1e\" rel=\"nofollow\" target=\"_blank\">         <img decoding=\"async\" src=\"https:\/\/cadenaser.com\/estaticos\/recursosgraficos\/responsive\/img\/ico-whatsapp.svg\" alt=\"Whatsapp\">         <p>\u00danete al <b>canal de WhatsApp<\/b> de la SER<\/p>     <\/a> <\/div><\/p> ","protected":false},"excerpt":{"rendered":"<p>El SPPLB pide que se convoquen de forma inmediata 20 plazas de agente de Polic\u00eda Local y seis de inspectores municipales <\/p>\n","protected":false},"author":0,"featured_media":12887,"comment_status":"open","ping_status":"open","sticky":false,"template":"","format":"standard","meta":{"_acf_changed":false,"footnotes":""},"categories":[1],"tags":[],"class_list":["post-12886","post","type-post","status-publish","format-standard","has-post-thumbnail","hentry","category-sin-categoria"],"acf":{"ser_id":"STVBJDNHKVDELOL7UHI465FCKU","ser_url":"https:\/\/cadenaser.com\/comunitat-valenciana\/2025\/02\/11\/el-sindicato-mayoritario-del-ayuntamiento-de-benidorm-exige-refuerzos-para-la-inspeccion-de-viviendas-turisticas-radio-benidorm\/"},"_links":{"self":[{"href":"https:\/\/serbenidorm.daliisolutions.com\/index.php\/wp-json\/wp\/v2\/posts\/12886","targetHints":{"allow":["GET"]}}],"collection":[{"href":"https:\/\/serbenidorm.daliisolutions.com\/index.php\/wp-json\/wp\/v2\/posts"}],"about":[{"href":"https:\/\/serbenidorm.daliisolutions.com\/index.php\/wp-json\/wp\/v2\/types\/post"}],"replies":[{"embeddable":true,"href":"https:\/\/serbenidorm.daliisolutions.com\/index.php\/wp-json\/wp\/v2\/comments?post=12886"}],"version-history":[{"count":0,"href":"https:\/\/serbenidorm.daliisolutions.com\/index.php\/wp-json\/wp\/v2\/posts\/12886\/revisions"}],"wp:featuredmedia":[{"embeddable":true,"href":"https:\/\/serbenidorm.daliisolutions.com\/index.php\/wp-json\/wp\/v2\/media\/12887"}],"wp:attachment":[{"href":"https:\/\/serbenidorm.daliisolutions.com\/index.php\/wp-json\/wp\/v2\/media?parent=12886"}],"wp:term":[{"taxonomy":"category","embeddable":true,"href":"https:\/\/serbenidorm.daliisolutions.com\/index.php\/wp-json\/wp\/v2\/categories?post=12886"},{"taxonomy":"post_tag","embeddable":true,"href":"https:\/\/serbenidorm.daliisolutions.com\/index.php\/wp-json\/wp\/v2\/tags?post=12886"}],"curies":[{"name":"wp","href":"https:\/\/api.w.org\/{rel}","templated":true}]}}