{"id":12912,"date":"2025-02-13T08:12:23","date_gmt":"2025-02-13T07:12:23","guid":{"rendered":"https:\/\/serbenidorm.daliisolutions.com\/index.php\/2025\/02\/13\/los-museos-de-benidorm-registraron-mas-de-100-000-visitantes-en-2024\/"},"modified":"2025-02-13T08:12:23","modified_gmt":"2025-02-13T07:12:23","slug":"los-museos-de-benidorm-registraron-mas-de-100-000-visitantes-en-2024","status":"publish","type":"post","link":"https:\/\/serbenidorm.daliisolutions.com\/index.php\/2025\/02\/13\/los-museos-de-benidorm-registraron-mas-de-100-000-visitantes-en-2024\/","title":{"rendered":"Los museos de Benidorm registraron m\u00e1s de 100.000 visitantes en 2024"},"content":{"rendered":"  <p><div data-adtype=\"MLDB\"><\/div><\/p>   <p>Benidorm<\/p>   <p>Los espacios muse\u00edsticos de Benidorm registraron la visita de m\u00e1s de 100.000 personas durante 2024. Unas cifras recopiladas por el \u00e1rea de Patrimonio Hist\u00f3rico a las que <a href=\"https:\/\/radiobenidorm.es\" target=\"_blank\" rel=\"nofollow\" title=\"https:\/\/radiobenidorm.es\">Radio Benidorm<\/a> ha tenido acceso y que recogen las visitas realizadas a los cinco museos que tiene la ciudad, sin contar los espacios expositivos al aire libre y las muestras temporales o itinerantes. <\/p>   <p>Durante 2024 fueron 100.385 las personas que visitaron la Sala Luis Duart, el museo de La Casilla, el museo Boca del Calvari, el Aula del Mar y el Tossal de la Cala. De estos espacios expositivos casi la mitad no llevan ni un a\u00f1o abiertos. La Sala Luis Duart se inaugur\u00f3 a final de julio del a\u00f1o pasado y el Aula del Mar apenas lleva abierta desde el 24 de noviembre. A\u00fan as\u00ed \u201clos datos son muy buenos y demuestran que la cultura y el patrimonio son un elemento de inter\u00e9s para quienes nos visitan\u201d, ha manifestado en <a href=\"https:\/\/radiobenidorm.es\" target=\"_blank\" rel=\"nofollow\" title=\"https:\/\/radiobenidorm.es\">Hoy por Hoy Benidorm<\/a> la edil de Patrimonio Hist\u00f3rico Ana Pellicer.<\/p>   <p>El yacimiento de El Tossal de La Cala fue el bien patrimonial m\u00e1s visitado con 53.710 entradas, le sigue el Museo Boca del Calvari con 33.662 visitantes, el Aula del Mar con 9.500 personas en apenas 3 meses, la Sala Luis Duart con 2.953 asistentes y La Casilla con 560 visitas. \u201cAqu\u00ed no podemos contabilizar cu\u00e1ntas personas han visitado exposiciones temporales al aire libre como la que tuvimos en colaboraci\u00f3n con el Museo del Prado, las muestras de los distintos Espais D\u2019Art que se reparten por las calles de la ciudad o las esculturas de Jimenes Deredia, pero la cifra podr\u00eda alcanzar, perfectamente el doble de los registros que tenemos ahora y alcanzar los 200.000 visitantes en nuestras exposiciones\u201d, ha calculado el t\u00e9cnico de Patrimonio, Fernando Mahiques. <\/p>   <p>De las exposiciones que s\u00ed guardan registro de visitas, dentro del Museo Municipal Boca del Calvari, la preferida por residentes y visitantes ha sido la muestra arqueol\u00f3gica sobre historia local \u201cGuardianes de Piedra\u201d, con 9.458 visitantes. Le siguen las exposiciones de los trabajos de Planets-Flotar (8.233 visitantes), Orograf\u00eda del Camino (7.785), Garc\u00eda-Alix (5.723) y Calatayud (2.463). <\/p>   <p>Mahiques recuerda que espacios como el Aula del Mar apenas lleva unos pocos meses en funcionamiento y que su horario de apertura es, por el momento, de jueves a domingo por lo que \u201ccuando ampliemos los d\u00edas de apertura creemos que las visitas crecer\u00e1n exponencialmente porque es un espacio a pie de calle y en primera l\u00ednea de playa que, solo el d\u00eda de su inauguraci\u00f3n, registr\u00f3 m\u00e1s de 400 visitas\u201d. <\/p>   <p>     .c-w{         max-width:444px;         width:100%;         margin:32px auto;      background:#00755E;         border-radius:4px;         display:flex;         align-items:center;         justify-content:center;     }     .c-w a{         display:flex;         align-items:center;         justify-content:center;         padding:4px 24px;     }     .c-w img{         width:24px;         margin-right:12px;     }     .c-w p{         font:18px\/25px Poppins;         text-align:center;         color:#fff;         margin:0;     }     @media (max-width:444px){         .c-w a{             padding:4px 12px;         }         .c-w img{             width:24px;             margin-right:8px;         }         .c-w p{             font:14px\/25px Poppins;         }     }     @media (max-width:335px){         .c-w p{             font:13px\/25px Poppins;         }     }  <div class=\"c-w\">     <a href=\"https:\/\/www.whatsapp.com\/channel\/0029Va633PF9WtC4l7XUzh1e\" rel=\"nofollow\" target=\"_blank\">         <img decoding=\"async\" src=\"https:\/\/cadenaser.com\/estaticos\/recursosgraficos\/responsive\/img\/ico-whatsapp.svg\" alt=\"Whatsapp\">         <p>\u00danete al <b>canal de WhatsApp<\/b> de la SER<\/p>     <\/a> <\/div><\/p> ","protected":false},"excerpt":{"rendered":"<p>Guardianes de Piedra fue la exposici\u00f3n m\u00e1s visitada con 9.458 asistentes<\/p>\n","protected":false},"author":0,"featured_media":12913,"comment_status":"open","ping_status":"open","sticky":false,"template":"","format":"standard","meta":{"_acf_changed":false,"footnotes":""},"categories":[1],"tags":[],"class_list":["post-12912","post","type-post","status-publish","format-standard","has-post-thumbnail","hentry","category-sin-categoria"],"acf":{"ser_id":"J6WSYZMASJC7NMS65FJEGG6VWM","ser_url":"https:\/\/cadenaser.com\/comunitat-valenciana\/2025\/02\/12\/los-museos-de-benidorm-registraron-mas-de-100000-visitantes-en-2024-radio-benidorm\/"},"_links":{"self":[{"href":"https:\/\/serbenidorm.daliisolutions.com\/index.php\/wp-json\/wp\/v2\/posts\/12912","targetHints":{"allow":["GET"]}}],"collection":[{"href":"https:\/\/serbenidorm.daliisolutions.com\/index.php\/wp-json\/wp\/v2\/posts"}],"about":[{"href":"https:\/\/serbenidorm.daliisolutions.com\/index.php\/wp-json\/wp\/v2\/types\/post"}],"replies":[{"embeddable":true,"href":"https:\/\/serbenidorm.daliisolutions.com\/index.php\/wp-json\/wp\/v2\/comments?post=12912"}],"version-history":[{"count":0,"href":"https:\/\/serbenidorm.daliisolutions.com\/index.php\/wp-json\/wp\/v2\/posts\/12912\/revisions"}],"wp:featuredmedia":[{"embeddable":true,"href":"https:\/\/serbenidorm.daliisolutions.com\/index.php\/wp-json\/wp\/v2\/media\/12913"}],"wp:attachment":[{"href":"https:\/\/serbenidorm.daliisolutions.com\/index.php\/wp-json\/wp\/v2\/media?parent=12912"}],"wp:term":[{"taxonomy":"category","embeddable":true,"href":"https:\/\/serbenidorm.daliisolutions.com\/index.php\/wp-json\/wp\/v2\/categories?post=12912"},{"taxonomy":"post_tag","embeddable":true,"href":"https:\/\/serbenidorm.daliisolutions.com\/index.php\/wp-json\/wp\/v2\/tags?post=12912"}],"curies":[{"name":"wp","href":"https:\/\/api.w.org\/{rel}","templated":true}]}}