{"id":12914,"date":"2025-02-13T08:12:25","date_gmt":"2025-02-13T07:12:25","guid":{"rendered":"https:\/\/serbenidorm.daliisolutions.com\/index.php\/2025\/02\/13\/benidorm-activara-el-protocolo-de-acoso-laboral-tras-las-supuestas-amenazas-a-un-funcionario\/"},"modified":"2025-02-13T08:12:25","modified_gmt":"2025-02-13T07:12:25","slug":"benidorm-activara-el-protocolo-de-acoso-laboral-tras-las-supuestas-amenazas-a-un-funcionario","status":"publish","type":"post","link":"https:\/\/serbenidorm.daliisolutions.com\/index.php\/2025\/02\/13\/benidorm-activara-el-protocolo-de-acoso-laboral-tras-las-supuestas-amenazas-a-un-funcionario\/","title":{"rendered":"Benidorm activar\u00e1 el protocolo de acoso laboral tras las supuestas amenazas a un funcionario"},"content":{"rendered":"  <p><div data-adtype=\"MLDB\"><\/div><\/p>   <p>Benidorm<\/p>   <p>El gobierno del Ayuntamiento de Benidorm recoge el guante ante la demanda de los sindicatos e investigar\u00e1 las supuestas amenazas a un polic\u00eda local denunciadas por la oposici\u00f3n, que en la capital tur\u00edstica ejerce el PSOE, aunque siguen pidiendo al grupo socialista que rectifique ante tal acusaci\u00f3n.<\/p>   <p>La portavoz de ejecutivo del PP<a href=\"https:\/\/cadenaser.com\/tag\/comarca_la_marina_baixa\/a\/\" target=\"_blank\"> Lourdes Caselles<\/a> ha confirmado que se va a activar el protocolo de prevenci\u00f3n y actuaci\u00f3n en caso de acoso laboral del consistorio aprobado en pleno en el a\u00f1o 2013 tras la exigencia que este mismo mi\u00e9rcoles ha hecho la central mayoritaria, el Sindicato de Polic\u00edas Locales y Bomberos.<\/p>   <p>Todo comienza en un comunicado de la l\u00edder de los socialistas en Benidorm , <a href=\"https:\/\/cadenaser.com\/tag\/benidorm\/a\/\" target=\"_blank\">Cristina Escoda<\/a>, en el que se\u00f1ala \u00abque el alcalde present\u00f3 una querella criminal a los funcionarios de Antifraude que se personaron en el Ayuntamiento para solicitar informaci\u00f3n el a\u00f1o 2021, y que un funcionario se acogi\u00f3 al estatuto de protecci\u00f3n del denunciante ante las amenazas recibidas\u00bb.<\/p>  <p><p>M\u00e1s informaci\u00f3n<\/p><figure><img loading=\"lazy\" decoding=\"async\" src=\"https:\/\/cadenaser.com\/resizer\/v2\/U6PECEIADZEQFA556GJC77Q2UA.JPG?auth=2b75ad86d7e95d43f2cb0c9c155e526eb8ddc05ee4dabb2507a986e5a812f2fc&amp;quality=70&amp;width=360&amp;height=202&amp;smart=true\" width=\"820\" height=\"621\" \/><\/figure><ul><li><a href=\"https:\/\/cadenaser.com\/comunitat-valenciana\/2025\/02\/11\/el-sindicato-mayoritario-del-ayuntamiento-de-benidorm-exige-refuerzos-para-la-inspeccion-de-viviendas-turisticas-radio-benidorm\/\"><span>El sindicato mayoritario del Ayuntamiento de Benidorm exige refuerzos para la inspecci\u00f3n de viviendas tur\u00edsticas<\/span><\/a><\/li><\/ul><\/p>   <p>El responsable del SPPLB, <a href=\"https:\/\/cadenaser.com\/tag\/comarca_la_marina_baixa\/a\/\" target=\"_blank\">Paco \u00c1ngel Gonz\u00e1lez<\/a>, ha explicado \u201cque tales afirmaciones expuestas por Escoda son altamente preocupantes, m\u00e1xime cuando se cuenta en este Ayuntamiento con mecanismos para prevenir, detectar y erradicar conductas que supongan un acoso laboral\u00bb.<\/p>   <p>Desde el ejecutivo Caselles insiste en que no les consta que \u00abnada parecido\u00bb a lo denunciado por la oposici\u00f3n ha sucedido \u00aby por eso el alcalde le pidi\u00f3 que rectificar\u00eda, cosa que hasta la fecha no se ha producido, pero que tampoco interrumpe que la administraci\u00f3n y sus \u00f3rganos act\u00faen como ahora se hace a petici\u00f3n de los sindicatos\u00bb.<\/p>   <p>     .c-w{         max-width:444px;         width:100%;         margin:32px auto;      background:#00755E;         border-radius:4px;         display:flex;         align-items:center;         justify-content:center;     }     .c-w a{         display:flex;         align-items:center;         justify-content:center;         padding:4px 24px;     }     .c-w img{         width:24px;         margin-right:12px;     }     .c-w p{         font:18px\/25px Poppins;         text-align:center;         color:#fff;         margin:0;     }     @media (max-width:444px){         .c-w a{             padding:4px 12px;         }         .c-w img{             width:24px;             margin-right:8px;         }         .c-w p{             font:14px\/25px Poppins;         }     }     @media (max-width:335px){         .c-w p{             font:13px\/25px Poppins;         }     }  <div class=\"c-w\">     <a href=\"https:\/\/www.whatsapp.com\/channel\/0029Va633PF9WtC4l7XUzh1e\" rel=\"nofollow\" target=\"_blank\">         <img decoding=\"async\" src=\"https:\/\/cadenaser.com\/estaticos\/recursosgraficos\/responsive\/img\/ico-whatsapp.svg\" alt=\"Whatsapp\">         <p>\u00danete al <b>canal de WhatsApp<\/b> de la SER<\/p>     <\/a> <\/div><\/p>   <p>Preguntada por<a href=\"https:\/\/cadenaser.com\/tag\/benidorm\/a\/\" target=\"_blank\"> Radio Benidorm<\/a> por todos estos movimientos en el seno del consistorio benidormense, la portavoz del grupo municipal socialista Cristina Escoda ha declinado, por el momento, hacer m\u00e1s declaraciones.<\/p> ","protected":false},"excerpt":{"rendered":"<p>Los sindicatos piden que se investiguen las amenazas a un funcionario del Ayuntamiento denunciadas por la oposici\u00f3n socialista<\/p>\n","protected":false},"author":0,"featured_media":12915,"comment_status":"open","ping_status":"open","sticky":false,"template":"","format":"standard","meta":{"_acf_changed":false,"footnotes":""},"categories":[1],"tags":[],"class_list":["post-12914","post","type-post","status-publish","format-standard","has-post-thumbnail","hentry","category-sin-categoria"],"acf":{"ser_id":"3SQYMEEF6RCDFGOGMBQDWGTQJA","ser_url":"https:\/\/cadenaser.com\/comunitat-valenciana\/2025\/02\/12\/benidorm-activara-el-protocolo-de-acoso-laboral-tras-las-supuestas-amenazas-a-un-funcionario-radio-benidorm\/"},"_links":{"self":[{"href":"https:\/\/serbenidorm.daliisolutions.com\/index.php\/wp-json\/wp\/v2\/posts\/12914","targetHints":{"allow":["GET"]}}],"collection":[{"href":"https:\/\/serbenidorm.daliisolutions.com\/index.php\/wp-json\/wp\/v2\/posts"}],"about":[{"href":"https:\/\/serbenidorm.daliisolutions.com\/index.php\/wp-json\/wp\/v2\/types\/post"}],"replies":[{"embeddable":true,"href":"https:\/\/serbenidorm.daliisolutions.com\/index.php\/wp-json\/wp\/v2\/comments?post=12914"}],"version-history":[{"count":0,"href":"https:\/\/serbenidorm.daliisolutions.com\/index.php\/wp-json\/wp\/v2\/posts\/12914\/revisions"}],"wp:featuredmedia":[{"embeddable":true,"href":"https:\/\/serbenidorm.daliisolutions.com\/index.php\/wp-json\/wp\/v2\/media\/12915"}],"wp:attachment":[{"href":"https:\/\/serbenidorm.daliisolutions.com\/index.php\/wp-json\/wp\/v2\/media?parent=12914"}],"wp:term":[{"taxonomy":"category","embeddable":true,"href":"https:\/\/serbenidorm.daliisolutions.com\/index.php\/wp-json\/wp\/v2\/categories?post=12914"},{"taxonomy":"post_tag","embeddable":true,"href":"https:\/\/serbenidorm.daliisolutions.com\/index.php\/wp-json\/wp\/v2\/tags?post=12914"}],"curies":[{"name":"wp","href":"https:\/\/api.w.org\/{rel}","templated":true}]}}