{"id":12929,"date":"2025-02-13T12:11:29","date_gmt":"2025-02-13T11:11:29","guid":{"rendered":"https:\/\/serbenidorm.daliisolutions.com\/index.php\/2025\/02\/13\/la-guardia-civil-esclarece-el-asesinato-de-un-joven-en-villajoyosa-hay-tres-detenidos\/"},"modified":"2025-02-13T12:11:29","modified_gmt":"2025-02-13T11:11:29","slug":"la-guardia-civil-esclarece-el-asesinato-de-un-joven-en-villajoyosa-hay-tres-detenidos","status":"publish","type":"post","link":"https:\/\/serbenidorm.daliisolutions.com\/index.php\/2025\/02\/13\/la-guardia-civil-esclarece-el-asesinato-de-un-joven-en-villajoyosa-hay-tres-detenidos\/","title":{"rendered":"La Guardia Civil esclarece el asesinato de un joven en Villajoyosa: hay tres detenidos"},"content":{"rendered":"  <p><div data-adtype=\"MLDB\"><\/div><\/p>   <p>La Vila Joiosa<\/p>   <p>La Guardia Civil ha detenido a dos hombres de 23 y 37 a\u00f1os por el asesinato de un hombre de 33 en Villajoyosa (Alicante) el pasado mes de diciembre, seg\u00fan ha informado este jueves el cuerpo en un comunicado<\/p>   <p>Esta operaci\u00f3n, desarrollada bajo el nombre de \u201cBasseta\u201d, ha permitido esclarecer los hechos y recuperar el arma utilizada en el crimen, as\u00ed como una parte del dinero cobrado por el sicario que realiz\u00f3 los disparos. <a href=\"https:\/\/cadenaser.com\/tag\/vila_joiosa\/a\/\" target=\"_blank\">Adem\u00e1s, se ha detenido a una tercera persona por extorsionar a la familia de uno de los detenidos<\/a>.<\/p>   <p><p>M\u00e1s informaci\u00f3n<\/p><ul><li><a href=\"https:\/\/cadenaser.com\/comunitat-valenciana\/2024\/12\/18\/la-guardia-civil-investiga-la-muerte-violenta-de-un-joven-en-la-vila-joiosa-radio-benidorm\/\"><span>La Guardia Civil investiga como ajuste de cuentas la muerte violenta de un joven en La Vila Joiosa<\/span><\/a><\/li><\/ul><\/p>   <p>El 17 de diciembre de 2024, agentes del Puesto Principal de la Guardia Civil de Villajoyosa hallaron el cuerpo sin vida de un hombre en un camino de la partida rural La Moratella, en el mismo t\u00e9rmino municipal. El cad\u00e1ver presentaba varios orificios compatibles con disparos de arma de fuego.<\/p>   <p>La toma de declaraciones y la recopilaci\u00f3n de pruebas en el entorno de la v\u00edctima permitieron determinar que el presunto autor intelectual del crimen hab\u00eda sido socio de la v\u00edctima. Debido a una deuda econ\u00f3mica entre ambos encarg\u00f3 su asesinato a cambio de un pago inicial de 20.000 euros, con la promesa de una segunda entrega tras la ejecuci\u00f3n.<\/p>   <p>Para finalizar con el cometido encargado, este facilit\u00f3 el arma homicida al presunto autor material, un joven del entorno cercano de la v\u00edctima que hab\u00eda trabajado para \u00e9l.<\/p>   <p>     .c-w{         max-width:444px;         width:100%;         margin:32px auto;      background:#00755E;         border-radius:4px;         display:flex;         align-items:center;         justify-content:center;     }     .c-w a{         display:flex;         align-items:center;         justify-content:center;         padding:4px 24px;     }     .c-w img{         width:24px;         margin-right:12px;     }     .c-w p{         font:18px\/25px Poppins;         text-align:center;         color:#fff;         margin:0;     }     @media (max-width:444px){         .c-w a{             padding:4px 12px;         }         .c-w img{             width:24px;             margin-right:8px;         }         .c-w p{             font:14px\/25px Poppins;         }     }     @media (max-width:335px){         .c-w p{             font:13px\/25px Poppins;         }     }  <div class=\"c-w\">     <a href=\"https:\/\/www.whatsapp.com\/channel\/0029Va633PF9WtC4l7XUzh1e\" rel=\"nofollow\" target=\"_blank\">         <img decoding=\"async\" src=\"https:\/\/cadenaser.com\/estaticos\/recursosgraficos\/responsive\/img\/ico-whatsapp.svg\" alt=\"Whatsapp\">         <p>\u00danete al <b>canal de WhatsApp<\/b> de la SER<\/p>     <\/a> <\/div><\/p>   <p>As\u00ed fueron los hechos<\/p>   <p>Aprovechando la relaci\u00f3n de confianza que manten\u00edan, el ejecutor cit\u00f3 a la v\u00edctima en el camino con enga\u00f1os y la llev\u00f3 hasta el lugar donde finalmente la ejecut\u00f3.<\/p>   <p>Como resultado de la investigaci\u00f3n, los agentes han detenido a los dos presuntos autores: el primero en Villajoyosa el 10 de enero y el segundo en un centro hospitalario de Alicante el 24 de enero.<\/p>   <p>Adem\u00e1s de lograr recuperar un arma de fuego corta, que hab\u00eda sido enterrada por el autor de los disparos en el puerto de Tudons, cerca de la localidad de Pen\u00e1guila (Alicante), han sido intervenidos 6.350 euros del pago inicial de 20.000 cobrados por el autor material de los disparos.<\/p>   <p>Ambos detenidos han sido imputados por los delitos de asesinato y tenencia il\u00edcita de armas y han ingresado en prisi\u00f3n provisional sin fianza tras su puesta a disposici\u00f3n judicial.<\/p>   <p>Por otro lado, este pasado 3 de febrero, los agentes han detenido a un tercer individuo por extorsi\u00f3n, actual socio del fallecido, ya que habr\u00eda exigido al padre de uno de los detenidos el pago de 20.000 euros y la entrega de una motocicleta en concepto de \u00ablos perjuicios econ\u00f3micos sufridos por el asesinato\u00bb.<\/p>   <p>Tras su arresto fue puesto a disposici\u00f3n judicial, quedando en libertad con cargos.<\/p> ","protected":false},"excerpt":{"rendered":"<p>La investigaci\u00f3n ha revelado que el autor intelectual, ex socio de la v\u00edctima, orden\u00f3 su asesinato debido a una deuda econ\u00f3mica<\/p>\n","protected":false},"author":0,"featured_media":12930,"comment_status":"open","ping_status":"open","sticky":false,"template":"","format":"standard","meta":{"_acf_changed":false,"footnotes":""},"categories":[1],"tags":[],"class_list":["post-12929","post","type-post","status-publish","format-standard","has-post-thumbnail","hentry","category-sin-categoria"],"acf":{"ser_id":"LEZRWU5W5BH3BOZ7OEW6OT5IN4","ser_url":"https:\/\/cadenaser.com\/comunitat-valenciana\/2025\/02\/13\/la-guardia-civil-esclarece-el-asesinato-de-un-joven-en-villajoyosa-hay-tres-detenidos-radio-benidorm\/"},"_links":{"self":[{"href":"https:\/\/serbenidorm.daliisolutions.com\/index.php\/wp-json\/wp\/v2\/posts\/12929","targetHints":{"allow":["GET"]}}],"collection":[{"href":"https:\/\/serbenidorm.daliisolutions.com\/index.php\/wp-json\/wp\/v2\/posts"}],"about":[{"href":"https:\/\/serbenidorm.daliisolutions.com\/index.php\/wp-json\/wp\/v2\/types\/post"}],"replies":[{"embeddable":true,"href":"https:\/\/serbenidorm.daliisolutions.com\/index.php\/wp-json\/wp\/v2\/comments?post=12929"}],"version-history":[{"count":0,"href":"https:\/\/serbenidorm.daliisolutions.com\/index.php\/wp-json\/wp\/v2\/posts\/12929\/revisions"}],"wp:featuredmedia":[{"embeddable":true,"href":"https:\/\/serbenidorm.daliisolutions.com\/index.php\/wp-json\/wp\/v2\/media\/12930"}],"wp:attachment":[{"href":"https:\/\/serbenidorm.daliisolutions.com\/index.php\/wp-json\/wp\/v2\/media?parent=12929"}],"wp:term":[{"taxonomy":"category","embeddable":true,"href":"https:\/\/serbenidorm.daliisolutions.com\/index.php\/wp-json\/wp\/v2\/categories?post=12929"},{"taxonomy":"post_tag","embeddable":true,"href":"https:\/\/serbenidorm.daliisolutions.com\/index.php\/wp-json\/wp\/v2\/tags?post=12929"}],"curies":[{"name":"wp","href":"https:\/\/api.w.org\/{rel}","templated":true}]}}