{"id":12931,"date":"2025-02-13T12:11:30","date_gmt":"2025-02-13T11:11:30","guid":{"rendered":"https:\/\/serbenidorm.daliisolutions.com\/index.php\/2025\/02\/13\/la-barra-libre-mucha-preocupacion-y-una-reaccion-necesaria-en-el-balonmano-benidorm\/"},"modified":"2025-02-13T12:11:30","modified_gmt":"2025-02-13T11:11:30","slug":"la-barra-libre-mucha-preocupacion-y-una-reaccion-necesaria-en-el-balonmano-benidorm","status":"publish","type":"post","link":"https:\/\/serbenidorm.daliisolutions.com\/index.php\/2025\/02\/13\/la-barra-libre-mucha-preocupacion-y-una-reaccion-necesaria-en-el-balonmano-benidorm\/","title":{"rendered":"\u2018La Barra Libre\u2019: Mucha preocupaci\u00f3n y una reacci\u00f3n necesaria en el Balonmano Benidorm"},"content":{"rendered":"  <p><div data-adtype=\"MLDB\"><\/div><\/p>   <p>Benidorm<\/p>   <p>El regreso de la Liga Asobal con la segunda vuelta de la competici\u00f3n, en la que el Servigroup Hoteles Benidorm debutaba visitando la cancha del Guadalajara, ha llegado como un aut\u00e9ntico jarro de agua fr\u00eda para un equipo que, asolado por las lesiones y las bajas, ha visto rota, a las primeras de cambio, la racha positiva que hab\u00eda conseguido encadenar antes del par\u00f3n navide\u00f1o y para la disputa del Mundial.<\/p>   <p>Tras el varapalo sufrido en la cancha alcarre\u00f1a, la preocupaci\u00f3n se ha instalado en el entorno de un equipo que el pr\u00f3ximo viernes (19:00 horas) recibe al Granollers en un choque de absoluta necesidad y para el que Sergio Carballeira no podr\u00e1 contar con algunos de sus hombres m\u00e1s importantes.<\/p>   <p>Mientras muchos de los rivales directos del Servigroup Hoteles Benidorm han acudido al mercado de invierno para reforzar sus plantillas de cara a esta segunda vuelta de la Liga Asobal, la realidad econ\u00f3mica de la entidad del Palau d\u2019Esports ha impedido, al menos por el momento, poder hacer lo mismo.<\/p>   <p>En la primera \u2018Barra libre\u2019 tras la vuelta a la competici\u00f3n, los especialistas de SER Deportivos Marina Baixa analizan tanto el aspecto meramente deportivo como el institucional de esa situaci\u00f3n.<\/p> ","protected":false},"excerpt":{"rendered":"<p>El pr\u00f3ximo viernes el Servigroup Hoteles Benidorm recibe en al Granollers en el Palau d\u2019Esports<\/p>\n","protected":false},"author":0,"featured_media":12932,"comment_status":"open","ping_status":"open","sticky":false,"template":"","format":"standard","meta":{"_acf_changed":false,"footnotes":""},"categories":[16],"tags":[],"class_list":["post-12931","post","type-post","status-publish","format-standard","has-post-thumbnail","hentry","category-deportes"],"acf":{"ser_id":"GKGFBO3L35HZ7N3ZBG2WBZISSA","ser_url":"https:\/\/cadenaser.com\/comunitat-valenciana\/2025\/02\/13\/la-barra-libre-mucha-preocupacion-y-una-reaccion-necesaria-en-el-balonmano-benidorm-radio-benidorm\/"},"_links":{"self":[{"href":"https:\/\/serbenidorm.daliisolutions.com\/index.php\/wp-json\/wp\/v2\/posts\/12931","targetHints":{"allow":["GET"]}}],"collection":[{"href":"https:\/\/serbenidorm.daliisolutions.com\/index.php\/wp-json\/wp\/v2\/posts"}],"about":[{"href":"https:\/\/serbenidorm.daliisolutions.com\/index.php\/wp-json\/wp\/v2\/types\/post"}],"replies":[{"embeddable":true,"href":"https:\/\/serbenidorm.daliisolutions.com\/index.php\/wp-json\/wp\/v2\/comments?post=12931"}],"version-history":[{"count":0,"href":"https:\/\/serbenidorm.daliisolutions.com\/index.php\/wp-json\/wp\/v2\/posts\/12931\/revisions"}],"wp:featuredmedia":[{"embeddable":true,"href":"https:\/\/serbenidorm.daliisolutions.com\/index.php\/wp-json\/wp\/v2\/media\/12932"}],"wp:attachment":[{"href":"https:\/\/serbenidorm.daliisolutions.com\/index.php\/wp-json\/wp\/v2\/media?parent=12931"}],"wp:term":[{"taxonomy":"category","embeddable":true,"href":"https:\/\/serbenidorm.daliisolutions.com\/index.php\/wp-json\/wp\/v2\/categories?post=12931"},{"taxonomy":"post_tag","embeddable":true,"href":"https:\/\/serbenidorm.daliisolutions.com\/index.php\/wp-json\/wp\/v2\/tags?post=12931"}],"curies":[{"name":"wp","href":"https:\/\/api.w.org\/{rel}","templated":true}]}}