{"id":12936,"date":"2025-02-13T12:44:39","date_gmt":"2025-02-13T11:44:39","guid":{"rendered":"https:\/\/serbenidorm.daliisolutions.com\/index.php\/2025\/02\/13\/la-nucia-bh-coloma-academy-inicia-2025-mas-ambicioso-que-nunca\/"},"modified":"2025-02-13T12:44:39","modified_gmt":"2025-02-13T11:44:39","slug":"la-nucia-bh-coloma-academy-inicia-2025-mas-ambicioso-que-nunca","status":"publish","type":"post","link":"https:\/\/serbenidorm.daliisolutions.com\/index.php\/2025\/02\/13\/la-nucia-bh-coloma-academy-inicia-2025-mas-ambicioso-que-nunca\/","title":{"rendered":"La Nuc\u00eda BH Coloma Academy inicia 2025 m\u00e1s ambicioso que nunca"},"content":{"rendered":"  <p><div data-adtype=\"MLDB\"><\/div><\/p>   <p>Benidorm<\/p>   <p>El equipo de ciclismo de monta\u00f1a \u2018La Nuc\u00eda BH Coloma Academy\u2019 ha presentado su plantilla para la temporada 2025 con un total de seis ciclistas en las categor\u00edas J\u00fanior y Sub-23. La escuadra, que busca mejorar su hist\u00f3rico subcampeonato mundial J\u00fanior logrado por Hugo Franco el a\u00f1o pasado, incorpora este a\u00f1o al prometedor biker madrile\u00f1o Mart\u00edn Guti\u00e9rrez.<\/p>   <p>El equipo debut\u00f3 el pasado fin de semana en la Shimano Super Cup Massi de La Nuc\u00eda, compitiendo en casa y demostrando su potencial para esta nueva campa\u00f1a. La plantilla est\u00e1 formada por M\u00f3nica Estrada (J\u00fanior), l\u00edder del ranking nacional; Francesc Barber (Sub-23), subcampe\u00f3n de Espa\u00f1a Sub-23; Ra\u00fal Villar (Sub-23); Hugo Franco (Sub-23), subcampe\u00f3n mundial J\u00fanior; el andorrano Roger Turn\u00e9 (Sub-23) y el nuevo fichaje, Mart\u00edn Guti\u00e9rrez, ganador del Open de Espa\u00f1a Cadete.<\/p>   <p>Entrenamientos con el BH Coloma Team<\/p>   <p>A pesar de ser un equipo de categor\u00edas inferiores, \u2018La Nuc\u00eda BH Coloma Academy\u2019 realiza diversas concentraciones junto al BH Coloma Team, equipo UCI MTB Internacional. De esta forma, sus corredores entrenan con figuras como David Valero, Jofre Cullell y David Campos, adem\u00e1s de las bikers Ona Onesti y Sof\u00eda Waite.<\/p>   <p>Adem\u00e1s, este a\u00f1o, Hugo Franco y Francesc Barber competir\u00e1n en algunas pruebas con el primer equipo, facilitando su progresi\u00f3n hacia el ciclismo profesional.<\/p>   <p>Un referente en el MTB nacional<\/p>   <p>Con sede en La Nuc\u00eda y en su tercera temporada de existencia, el equipo dirigido por el medallista ol\u00edmpico Carlos Coloma se ha consolidado como una de las principales estructuras nacionales en las categor\u00edas Sub-23 y J\u00fanior. Sus objetivos para 2025 incluyen competir en las J\u00fanior Series, la Copa del Mundo Sub-23 y otras pruebas internacionales de prestigio.<\/p>   <p>     .c-w{         max-width:444px;         width:100%;         margin:32px auto;      background:#00755E;         border-radius:4px;         display:flex;         align-items:center;         justify-content:center;     }     .c-w a{         display:flex;         align-items:center;         justify-content:center;         padding:4px 24px;     }     .c-w img{         width:24px;         margin-right:12px;     }     .c-w p{         font:18px\/25px Poppins;         text-align:center;         color:#fff;         margin:0;     }     @media (max-width:444px){         .c-w a{             padding:4px 12px;         }         .c-w img{             width:24px;             margin-right:8px;         }         .c-w p{             font:14px\/25px Poppins;         }     }     @media (max-width:335px){         .c-w p{             font:13px\/25px Poppins;         }     }  <div class=\"c-w\">     <a href=\"https:\/\/www.whatsapp.com\/channel\/0029Va633PF9WtC4l7XUzh1e\" rel=\"nofollow\" target=\"_blank\">         <img decoding=\"async\" src=\"https:\/\/cadenaser.com\/estaticos\/recursosgraficos\/responsive\/img\/ico-whatsapp.svg\" alt=\"Whatsapp\">         <p>\u00danete al <b>canal de WhatsApp<\/b> de la SER<\/p>     <\/a> <\/div><\/p>   <p>Carlos Coloma destac\u00f3 el compromiso del equipo con la formaci\u00f3n: \u201cEste proyecto busca desarrollar a los mejores juniors y sub-23 a nivel nacional, brind\u00e1ndoles la posibilidad de competir en eventos internacionales y dar el salto al profesionalismo\u201d.<\/p>   <p>Por su parte, el alcalde de La Nuc\u00eda, Bernab\u00e9 Cano, subray\u00f3 el impacto del equipo en la promoci\u00f3n de la localidad como \u2018Ciudad del Deporte\u2019: \u201cEl subcampeonato mundial junior de Hugo Franco puso a La Nuc\u00eda en el mapa del MTB internacional, y este equipo sigue siendo un referente para los j\u00f3venes ciclistas\u201d.<\/p>   <p>Expansi\u00f3n internacional<\/p>   <p>El BH Coloma Team tambi\u00e9n sigue creciendo fuera de Espa\u00f1a con la apertura de nuevas escuelas en Argentina, Uruguay y Chile, en colaboraci\u00f3n con BH y el biker argentino Catriel Soto. Este proyecto busca fomentar el ciclismo de monta\u00f1a y formar a las futuras generaciones de bikers en Sudam\u00e9rica.<\/p> ","protected":false},"excerpt":{"rendered":"<p>El equipo de MTB suma nuevos talentos y refuerza su presencia internacional<\/p>\n","protected":false},"author":0,"featured_media":12937,"comment_status":"open","ping_status":"open","sticky":false,"template":"","format":"standard","meta":{"_acf_changed":false,"footnotes":""},"categories":[16],"tags":[],"class_list":["post-12936","post","type-post","status-publish","format-standard","has-post-thumbnail","hentry","category-deportes"],"acf":{"ser_id":"H4LHWBZAVJBUBNS3K7HBYG2XV4","ser_url":"https:\/\/cadenaser.com\/comunitat-valenciana\/2025\/02\/13\/la-nucia-bh-coloma-academy-inicia-2025-mas-ambicioso-que-nunca-radio-benidorm\/"},"_links":{"self":[{"href":"https:\/\/serbenidorm.daliisolutions.com\/index.php\/wp-json\/wp\/v2\/posts\/12936","targetHints":{"allow":["GET"]}}],"collection":[{"href":"https:\/\/serbenidorm.daliisolutions.com\/index.php\/wp-json\/wp\/v2\/posts"}],"about":[{"href":"https:\/\/serbenidorm.daliisolutions.com\/index.php\/wp-json\/wp\/v2\/types\/post"}],"replies":[{"embeddable":true,"href":"https:\/\/serbenidorm.daliisolutions.com\/index.php\/wp-json\/wp\/v2\/comments?post=12936"}],"version-history":[{"count":0,"href":"https:\/\/serbenidorm.daliisolutions.com\/index.php\/wp-json\/wp\/v2\/posts\/12936\/revisions"}],"wp:featuredmedia":[{"embeddable":true,"href":"https:\/\/serbenidorm.daliisolutions.com\/index.php\/wp-json\/wp\/v2\/media\/12937"}],"wp:attachment":[{"href":"https:\/\/serbenidorm.daliisolutions.com\/index.php\/wp-json\/wp\/v2\/media?parent=12936"}],"wp:term":[{"taxonomy":"category","embeddable":true,"href":"https:\/\/serbenidorm.daliisolutions.com\/index.php\/wp-json\/wp\/v2\/categories?post=12936"},{"taxonomy":"post_tag","embeddable":true,"href":"https:\/\/serbenidorm.daliisolutions.com\/index.php\/wp-json\/wp\/v2\/tags?post=12936"}],"curies":[{"name":"wp","href":"https:\/\/api.w.org\/{rel}","templated":true}]}}