{"id":12938,"date":"2025-02-13T13:27:55","date_gmt":"2025-02-13T12:27:55","guid":{"rendered":"https:\/\/serbenidorm.daliisolutions.com\/index.php\/2025\/02\/13\/bajon-de-la-construccion-de-vivienda-en-benidorm-y-villajoyosa-durante-2024\/"},"modified":"2025-02-13T13:27:55","modified_gmt":"2025-02-13T12:27:55","slug":"bajon-de-la-construccion-de-vivienda-en-benidorm-y-villajoyosa-durante-2024","status":"publish","type":"post","link":"https:\/\/serbenidorm.daliisolutions.com\/index.php\/2025\/02\/13\/bajon-de-la-construccion-de-vivienda-en-benidorm-y-villajoyosa-durante-2024\/","title":{"rendered":"Baj\u00f3n de la construcci\u00f3n de vivienda en Benidorm y Villajoyosa durante 2024"},"content":{"rendered":"  <p><div data-adtype=\"MLDB\"><\/div><\/p>   <p>Benidorm<\/p>   <p>El nivel de construcci\u00f3n baj\u00f3 en 2024 en la comarca. Entre Benidorm, La Vila, l\u2019Alf\u00e0s del Pi y Finestrat son 654 viviendas menos que el a\u00f1o anterior seg\u00fan el \u00faltimo informe del Colegio Oficial de Arquitectura T\u00e9cnica de Alicante (COATA), que adem\u00e1s indica que <a href=\"https:\/\/cadenaser.com\/tag\/comarca_la_marina_baixa\/a\/\" target=\"_blank\">el conjunto de la Marina Baixa y Alta finaliz\u00f3 el a\u00f1o con un total de 2.191 nuevas viviendas<\/a>.<\/p>   <p>La ca\u00edda es sobre todo notable en Benidorm y la Vila donde alcanz\u00f3 el 80 % con respecto a 2023. La media provincial tambi\u00e9n baja, pero lo hace solo en un 4,9 %. <\/p>  <p><p>M\u00e1s informaci\u00f3n<\/p><figure><img loading=\"lazy\" decoding=\"async\" src=\"https:\/\/cadenaser.com\/resizer\/v2\/GGJRMSMCOJFLNN7AVE4S5IPRZU.png?auth=76112252f07a9b254fc98f66ee0c90825aad718fad928ca37d182332ef57b07c&amp;quality=70&amp;width=360&amp;height=202&amp;smart=true\" width=\"820\" height=\"621\" \/><\/figure><ul><li><a href=\"https:\/\/cadenaser.com\/comunitat-valenciana\/2025\/02\/07\/benidorm-pone-en-marcha-la-plataforma-para-autorizar-los-accesos-a-la-zona-de-bajas-emisiones-radio-benidorm\/\"><span>Benidorm pone en marcha la plataforma para autorizar los accesos a la Zona de Bajas Emisiones<\/span><\/a><\/li><\/ul><\/p>   <p>El presidente de los arquitectos t\u00e9cnicos, Carlos Casas, ha destacado esta reducci\u00f3n de la oferta en un contexto de fuerte demanda y tensi\u00f3n en los precios: \u00abEn el \u00faltimo trimestre hemos visto una evoluci\u00f3n dispar entre comarcas, con aumentos en el interior de la provincia pero descensos en el litoral\u00bb.<\/p>   <p>A ra\u00edz de este estudio Casas ha considerado que mantener estos niveles de producci\u00f3n ser\u00eda positivo para el sector pero \u00ab<a href=\"https:\/\/cadenaser.com\/tag\/benidorm\/a\/\" target=\"_blank\">insuficiente para atender la necesidad de vivienda\u00bb<\/a>, por lo que tambi\u00e9n ha pedido a las administraciones y a los agentes privados que \u00abbusquen soluciones para permitir un desarrollo equilibrado\u00bb.<\/p>   <p>En todo Alicante se iniciaron durante 2024 8.353 viviendas, el segundo mejor dato de los \u00faltimos 15 a\u00f1os.<\/p>   <p>     .c-w{         max-width:444px;         width:100%;         margin:32px auto;      background:#00755E;         border-radius:4px;         display:flex;         align-items:center;         justify-content:center;     }     .c-w a{         display:flex;         align-items:center;         justify-content:center;         padding:4px 24px;     }     .c-w img{         width:24px;         margin-right:12px;     }     .c-w p{         font:18px\/25px Poppins;         text-align:center;         color:#fff;         margin:0;     }     @media (max-width:444px){         .c-w a{             padding:4px 12px;         }         .c-w img{             width:24px;             margin-right:8px;         }         .c-w p{             font:14px\/25px Poppins;         }     }     @media (max-width:335px){         .c-w p{             font:13px\/25px Poppins;         }     }  <div class=\"c-w\">     <a href=\"https:\/\/www.whatsapp.com\/channel\/0029Va633PF9WtC4l7XUzh1e\" rel=\"nofollow\" target=\"_blank\">         <img decoding=\"async\" src=\"https:\/\/cadenaser.com\/estaticos\/recursosgraficos\/responsive\/img\/ico-whatsapp.svg\" alt=\"Whatsapp\">         <p>\u00danete al <b>canal de WhatsApp<\/b> de la SER<\/p>     <\/a> <\/div><\/p> ","protected":false},"excerpt":{"rendered":"<p>Descenso de un 80 %<\/p>\n","protected":false},"author":0,"featured_media":12939,"comment_status":"open","ping_status":"open","sticky":false,"template":"","format":"standard","meta":{"_acf_changed":false,"footnotes":""},"categories":[1],"tags":[],"class_list":["post-12938","post","type-post","status-publish","format-standard","has-post-thumbnail","hentry","category-sin-categoria"],"acf":{"ser_id":"SKFWDFRTMFGF7DIO36DXSBUYZ4","ser_url":"https:\/\/cadenaser.com\/comunitat-valenciana\/2025\/02\/13\/bajon-de-la-construccion-de-vivienda-en-benidorm-y-villajoyosa-durante-2025-radio-benidorm\/"},"_links":{"self":[{"href":"https:\/\/serbenidorm.daliisolutions.com\/index.php\/wp-json\/wp\/v2\/posts\/12938","targetHints":{"allow":["GET"]}}],"collection":[{"href":"https:\/\/serbenidorm.daliisolutions.com\/index.php\/wp-json\/wp\/v2\/posts"}],"about":[{"href":"https:\/\/serbenidorm.daliisolutions.com\/index.php\/wp-json\/wp\/v2\/types\/post"}],"replies":[{"embeddable":true,"href":"https:\/\/serbenidorm.daliisolutions.com\/index.php\/wp-json\/wp\/v2\/comments?post=12938"}],"version-history":[{"count":0,"href":"https:\/\/serbenidorm.daliisolutions.com\/index.php\/wp-json\/wp\/v2\/posts\/12938\/revisions"}],"wp:featuredmedia":[{"embeddable":true,"href":"https:\/\/serbenidorm.daliisolutions.com\/index.php\/wp-json\/wp\/v2\/media\/12939"}],"wp:attachment":[{"href":"https:\/\/serbenidorm.daliisolutions.com\/index.php\/wp-json\/wp\/v2\/media?parent=12938"}],"wp:term":[{"taxonomy":"category","embeddable":true,"href":"https:\/\/serbenidorm.daliisolutions.com\/index.php\/wp-json\/wp\/v2\/categories?post=12938"},{"taxonomy":"post_tag","embeddable":true,"href":"https:\/\/serbenidorm.daliisolutions.com\/index.php\/wp-json\/wp\/v2\/tags?post=12938"}],"curies":[{"name":"wp","href":"https:\/\/api.w.org\/{rel}","templated":true}]}}