{"id":1294,"date":"2024-01-12T15:14:22","date_gmt":"2024-01-12T14:14:22","guid":{"rendered":"https:\/\/serbenidorm.daliisolutions.com\/index.php\/2024\/01\/12\/los-apartamentos-turisticos-ilegales-de-la-comunitat-valenciana-en-el-punto-de-mira-de-los-inspectores\/"},"modified":"2024-01-12T15:14:22","modified_gmt":"2024-01-12T14:14:22","slug":"los-apartamentos-turisticos-ilegales-de-la-comunitat-valenciana-en-el-punto-de-mira-de-los-inspectores","status":"publish","type":"post","link":"https:\/\/serbenidorm.daliisolutions.com\/index.php\/2024\/01\/12\/los-apartamentos-turisticos-ilegales-de-la-comunitat-valenciana-en-el-punto-de-mira-de-los-inspectores\/","title":{"rendered":"Los apartamentos tur\u00edsticos ilegales de la Comunitat Valenciana, en el punto de mira de los inspectores"},"content":{"rendered":"  <p>Benidorm<\/p>   <p>Luchar contra la econom\u00eda sumergida, objetivo principal del cuerpo de inspectores de la Conselleria de Turismo de la Generalitat Valenciana. Es una de las claves de la reuni\u00f3n del Consell Valenci\u00e0 de Turisme que ha presidido esta ma\u00f1ana <a href=\"https:\/\/cadenaser.com\/tag\/benidorm\/a\/\" target=\"_blank\" rel=\"noopener\">en las instalaciones del Instituto Valenciano de Tecnolog\u00edas Tur\u00edsticas (Invattur), situadas en Benidorm<\/a>, la responsable del \u00e1rea Nuria Montes.<\/p>   <p>El programa de lucha contra el intrusismo en las viviendas de uso tur\u00edstico de la Comunitat, que suma inspecciones, aperturas de expedientes o requerimientos, pas\u00f3 de 505 actuaciones en 2022 a 1230 en 2023.<\/p>  <p><p>M\u00e1s informaci\u00f3n<\/p><figure><img decoding=\"async\" src=\"https:\/\/cadenaser.com\/resizer\/jBusDJ0EnCBBmC8XhlJDtRzW0cg=\/650x366\/filters:quality(70)\/cloudfront-eu-central-1.images.arcpublishing.com\/prisaradio\/O5M2YQ2W25BOVOASQ4F7LOYXEI.jpeg\" loading=\"lazy\" width=\"828\" height=\"621\" \/><\/figure><ul><li><a href=\"https:\/\/cadenaser.com\/comunitat-valenciana\/2023\/12\/11\/los-pisos-turisticos-cerraran-2023-subiendo-un-12-la-ocupacion-media-en-benidorm-y-la-comunitat-con-estancias-mas-largas-radio-benidorm\/\">Los apartamentos tur\u00edsticos cierran 2023 subiendo un 12% la ocupaci\u00f3n media en Benidorm y la Comunitat con estancias m\u00e1s largas<\/a><\/li><\/ul><\/p>   <p>Un aumento al que han contribuido, explican desde la Conselleria, los convenios firmados con los ayuntamientos tur\u00edsticos de la regi\u00f3n para que las entidades locales tambi\u00e9n pusieran a disposici\u00f3n del programa de inspecci\u00f3n sus propios recursos humanos y materiales.<\/p>   <p>De ese balance del Plan de Inspecci\u00f3n 2022\/2023 realizado en el Consell Valenci\u00e0 de Turisme, un organismo que aglutina al sector p\u00fablico y privado y cuyos \u00f3rganos se han renovado este viernes despu\u00e9s de m\u00e1s de un a\u00f1o sin reunirse, ha salido la determinaci\u00f3n que destacaba a su finalizaci\u00f3n la consellera Montes: \u00abTenemos unos recursos de inspecci\u00f3n muy limitados y queremos centrarlos en todo lo que pueda poner en peligro la actividad tur\u00edstica, que es todo aquello que tenga que ver con la econom\u00eda sumergida\u00bb.<\/p>  <p><p class=\"tit\"><span>Hora 14 Benidorm (12\/01\/2024)<\/span><\/p> <p class=\"emb\"><iframe loading=\"lazy\" src=\"https:\/\/cadenaser.com\/embed\/audio\/460\/cadenaser_benidorm_hora14benidorm_20240112_141700_143000\/\" width=\"100%\" height=\"360\" frameborder=\"0\" allowfullscreen><\/iframe><\/p><\/p>   <p>Las inspecciones m\u00e1s duras, a\u00f1ad\u00eda Nuria Montes, ir\u00e1n enfocadas a las viviendas tur\u00edsticas ilegales: \u00abSer\u00e1 la prioridad frente a otras como regular el cumplimiento de la normativa de los establecimientos hoteleros. Es conocido que todos los establecimientos hoteleros la cumplen y no hace falta un plan de inspecci\u00f3n espec\u00edfico\u00bb, ha subrayado.<\/p>   <p>La consellera tambi\u00e9n ha destacado que este a\u00f1o se tendr\u00e1 que modificar y actualizar el decreto de Alojamientos Tur\u00edsticos para que la normativa acompa\u00f1e a esa actividad de la inspecci\u00f3n y respecto a otros proyectos y retos del 2024 se ha referido al refuerzo de la promoci\u00f3n y la formaci\u00f3n: \u00abDisponer del capital humano en condiciones \u00f3ptimas y como nos demandan las empresas del sector\u00bb, ha dicho.<\/p>   <p>Premis Turisme Comunitat Valenciana 2023<\/p>   <p>Tras esa reuni\u00f3n del Consell Valenci\u00e0 de Turisme tambi\u00e9n se ha celebrado en el Invattur de Benidorm la entrega de los <a href=\"https:\/\/cadenaser.com\/tag\/turismo\/a\/\" target=\"_blank\" rel=\"noopener\">&#8216;Premis Turisme Comunitat Valenciana&#8217;<\/a> en su edici\u00f3n del 2023.<\/p>   <p>A LA TRAYECTORIA TUR\u00cdSTICA:<\/p>   <p><li>Confederaci\u00f3n de Empresarios de Hosteler\u00eda y Turismo de la Comunidad Valenciana \u2013 Conhostur. Esta entidad, constituida en 1990 se ha convertido en la principal organizaci\u00f3n empresarial del sector hostelero de la Comunitat Valenciana. Actualmente representa a 34.000 pymes de diferentes subsectores. El objetivo com\u00fan es poner en valor la importancia de la gastronom\u00eda local como producto tur\u00edstico prioritario vinculado al territorio.<\/li><li>Hoteles Poseid\u00f3n (Hoteles Devesa, SLU). Hoteles Devesa es un ejemplo de \u00e9xito empresarial, que ha sabido adaptarse a los cambios del sector tur\u00edstico. Su trayectoria de m\u00e1s de 90 a\u00f1os es un reflejo de su compromiso con la calidad y la satisfacci\u00f3n de sus clientes.<\/li><li>Toni Montoliu \u00abEl precursor del agroturismo\u00bb. Su trabajo ha contribuido a mantener viva la tradici\u00f3n agr\u00edcola de Meliana y a acercar la cultura valenciana a Europa. En la actualidad tiene un restaurante llamado \u201cla Barraca de Toni\u201d en el que adem\u00e1s de ofrecer comida hecha con productos de su huerto, realiza actividades que permiten conocer las variedades aut\u00f3ctonas, la tradici\u00f3n y las recetas tradicionales de la huerta valenciana.<\/li><\/p>   <p>A LA FORMACI\u00d3N, INVESTIGACI\u00d3N E INNOVACI\u00d3N TUR\u00cdSTICA:<\/p>   <p><li>CIPFP Costa de Azahar (Cosda). Organizaci\u00f3n que destaca por su ampl\u00edsima trayectoria (55 a\u00f1os) y contribuci\u00f3n en la formaci\u00f3n de alumnos\/as de cocina y gastronom\u00eda, servicios de restauraci\u00f3n y turismo.<\/li><\/p>   <p>A LA PROMOCI\u00d3N Y COMUNICACI\u00d3N TUR\u00cdSTICA:<\/p>   <p><li>Patacona Fest \u2013 Alboraia. Soluciones Musicales Valencias S.L. (Valm\u00fasica), empresa de car\u00e1cter privado, fortalece la imagen de Alboraia como destino tur\u00edstico atractivo durante todo el a\u00f1o, m\u00e1s all\u00e1 de la temporada estival. Establece un nexo entre la huerta, el Mediterr\u00e1neo y la mejor m\u00fasica en directo mediante conciertos para disfrutar en familia y complementarlos con diversas actividades en el entorno.<\/li><\/p>   <p>AL TURISMO SOSTENIBLE:<\/p>   <p><li>Grupo Gastroadictos. Grupo valenciano de restauraci\u00f3n compuesto por cuatro locales: Bar Mistela, Bar Cremaet, Restaurante La Sastrer\u00eda y Bar Cassalla. Destaca por su sostenibilidad social de la actividad tur\u00edstica, sostenibilidad medioambiental y a la inclusi\u00f3n.<\/li><li>Els Magazinos, D\u00e9nia. Espacio l\u00fadico que persigue asegurar la prosperidad de La Marina Alta y el compromiso de no dejarse a nadie atr\u00e1s con el objetivo de producir un impacto positivo en los \u00e1mbitos econ\u00f3mico, ambiental y social.<\/li><\/p>   <p>MENCI\u00d3N ESPECIAL:<\/p>   <p><li>Ilunion Hoteles. Por su laboral social y contribuci\u00f3n al desarrollo sostenible en el \u00e1mbito tur\u00edstico de la Comunitat Valenciana. Esta compa\u00f1\u00eda hotelera, adem\u00e1s de ser alojamientos accesibles, cuenta con un elevado n\u00famero de trabajadores con alg\u00fan tipo de discapacidad, lo que ayuda a visibilizar el trabajo de estas personas en entornos laborales no habituales, como es el sector de la hosteler\u00eda.<\/li><\/p> ","protected":false},"excerpt":{"rendered":"<p>Las actuaciones de la inspecci\u00f3n relacionadas con estas viviendas fuera de la ley se duplicaron en 2023 y la consellera de Turismo asegura que seguir\u00e1n siendo la prioridad<\/p>\n","protected":false},"author":0,"featured_media":1295,"comment_status":"open","ping_status":"open","sticky":false,"template":"","format":"standard","meta":{"_acf_changed":false,"footnotes":""},"categories":[1],"tags":[],"class_list":["post-1294","post","type-post","status-publish","format-standard","has-post-thumbnail","hentry","category-sin-categoria"],"acf":{"ser_id":"T4CUTY2CDRF6ZGGJTVAJWN6FG4","ser_url":"https:\/\/cadenaser.com\/comunitat-valenciana\/2024\/01\/12\/los-apartamentos-turisticos-ilegales-de-la-comunitat-valenciana-en-el-punto-de-mira-de-los-inspectores-radio-benidorm\/"},"_links":{"self":[{"href":"https:\/\/serbenidorm.daliisolutions.com\/index.php\/wp-json\/wp\/v2\/posts\/1294","targetHints":{"allow":["GET"]}}],"collection":[{"href":"https:\/\/serbenidorm.daliisolutions.com\/index.php\/wp-json\/wp\/v2\/posts"}],"about":[{"href":"https:\/\/serbenidorm.daliisolutions.com\/index.php\/wp-json\/wp\/v2\/types\/post"}],"replies":[{"embeddable":true,"href":"https:\/\/serbenidorm.daliisolutions.com\/index.php\/wp-json\/wp\/v2\/comments?post=1294"}],"version-history":[{"count":0,"href":"https:\/\/serbenidorm.daliisolutions.com\/index.php\/wp-json\/wp\/v2\/posts\/1294\/revisions"}],"wp:featuredmedia":[{"embeddable":true,"href":"https:\/\/serbenidorm.daliisolutions.com\/index.php\/wp-json\/wp\/v2\/media\/1295"}],"wp:attachment":[{"href":"https:\/\/serbenidorm.daliisolutions.com\/index.php\/wp-json\/wp\/v2\/media?parent=1294"}],"wp:term":[{"taxonomy":"category","embeddable":true,"href":"https:\/\/serbenidorm.daliisolutions.com\/index.php\/wp-json\/wp\/v2\/categories?post=1294"},{"taxonomy":"post_tag","embeddable":true,"href":"https:\/\/serbenidorm.daliisolutions.com\/index.php\/wp-json\/wp\/v2\/tags?post=1294"}],"curies":[{"name":"wp","href":"https:\/\/api.w.org\/{rel}","templated":true}]}}