{"id":12940,"date":"2025-02-13T16:28:49","date_gmt":"2025-02-13T15:28:49","guid":{"rendered":"https:\/\/serbenidorm.daliisolutions.com\/index.php\/2025\/02\/13\/el-dia-mundial-de-la-radio-une-a-radio-benidorm-ser-radio-sirena-cope-y-onda-cero-marina-baixa\/"},"modified":"2025-02-13T16:28:49","modified_gmt":"2025-02-13T15:28:49","slug":"el-dia-mundial-de-la-radio-une-a-radio-benidorm-ser-radio-sirena-cope-y-onda-cero-marina-baixa","status":"publish","type":"post","link":"https:\/\/serbenidorm.daliisolutions.com\/index.php\/2025\/02\/13\/el-dia-mundial-de-la-radio-une-a-radio-benidorm-ser-radio-sirena-cope-y-onda-cero-marina-baixa\/","title":{"rendered":"El D\u00eda Mundial de la Radio une a Radio Benidorm SER, Radio Sirena COPE y Onda Cero Marina Baixa"},"content":{"rendered":"  <p><div data-adtype=\"MLDB\"><\/div><\/p>   <p>Benidorm<\/p>   <p>En el D\u00eda Mundial de la Radio las <a href=\"https:\/\/cadenaser.com\/comunitat-valenciana\/2024\/02\/13\/radio-benidorm-ser-celebra-el-dia-de-la-radio-con-radio-sirena-cope-y-onda-cero-marina-baixa-radio-benidorm\/\" target=\"_blank\" rel=\"nofollow\" title=\"https:\/\/cadenaser.com\/comunitat-valenciana\/2024\/02\/13\/radio-benidorm-ser-celebra-el-dia-de-la-radio-con-radio-sirena-cope-y-onda-cero-marina-baixa-radio-benidorm\/\">tres principales emisoras de la Marina Baixa nos hemos vuelto a unir<\/a> en una programaci\u00f3n conjunta en el que contamos historias de la radio y repasamos, sobre todo, el papel de la radio local. <\/p>   <p>Marta Llinares de Onda Cero Marina Baixa, Arturo Fern\u00e1ndez y Olga Poch de Radio Sirena COPE y Silvia Yus de <a href=\"https:\/\/radiobenidorm.es\" target=\"_blank\" rel=\"nofollow\" title=\"https:\/\/radiobenidorm.es\">Radio Benidorm SER<\/a> han recordado el papel de las radios locales en la reciente cat\u00e1strofe de la DANA y tambi\u00e9n la evoluci\u00f3n del medio y su adaptaci\u00f3n a las nuevas tecnolog\u00edas para llegar al p\u00fablico m\u00e1s joven.<\/p>   <p>Adem\u00e1s grandes voces de la radio del panorama nacional como Carlos Alsina (Onda Cero), Jos\u00e9 Luis Sastre (SER) o \u00c1ngel Exp\u00f3sito (COPE) han querido saludar a los oyentes de los tramos locales.<\/p>   <p>Tambi\u00e9n ha participado en el programa el alcalde de Benidorm y presidente de la Diputaci\u00f3n Provincial de Alicante, Toni P\u00e9rez, quien ha contado que sigue teniendo un transistor \u00aben la mesita de noche\u00bb que escucha la radio \u00abhasta por la tele\u00bb.<\/p>   <p>P\u00e9rez ha relatado c\u00f3mo se enter\u00f3 por la radio del atentado del 11-S. \u00abEst\u00e1bamos incomunicados en el Pico Aneto y cuando, horas despu\u00e9s, bajamos nos enteramos por la radio del autob\u00fas de lo que hab\u00eda pasado. Si no llega a ser por la radio que el conductor ten\u00eda puesta, quiz\u00e1 no nos hubi\u00e9ramos enterado hasta el d\u00eda siguiente\u00bb, rememora. <\/p>   <p>     .c-w{         max-width:444px;         width:100%;         margin:32px auto;      background:#00755E;         border-radius:4px;         display:flex;         align-items:center;         justify-content:center;     }     .c-w a{         display:flex;         align-items:center;         justify-content:center;         padding:4px 24px;     }     .c-w img{         width:24px;         margin-right:12px;     }     .c-w p{         font:18px\/25px Poppins;         text-align:center;         color:#fff;         margin:0;     }     @media (max-width:444px){         .c-w a{             padding:4px 12px;         }         .c-w img{             width:24px;             margin-right:8px;         }         .c-w p{             font:14px\/25px Poppins;         }     }     @media (max-width:335px){         .c-w p{             font:13px\/25px Poppins;         }     }  <div class=\"c-w\">     <a href=\"https:\/\/www.whatsapp.com\/channel\/0029Va633PF9WtC4l7XUzh1e\" rel=\"nofollow\" target=\"_blank\">         <img decoding=\"async\" src=\"https:\/\/cadenaser.com\/estaticos\/recursosgraficos\/responsive\/img\/ico-whatsapp.svg\" alt=\"Whatsapp\">         <p>\u00danete al <b>canal de WhatsApp<\/b> de la SER<\/p>     <\/a> <\/div><\/p> ","protected":false},"excerpt":{"rendered":"<p>Repasamos el papel de la radio local con Marta Llinares de Onda Cero Marina Baixa, Arturo Fern\u00e1ndez y Olga Poch de Radio Sirena COPE y Silvia Yus de Radio Benidorm SER<\/p>\n","protected":false},"author":0,"featured_media":12941,"comment_status":"open","ping_status":"open","sticky":false,"template":"","format":"standard","meta":{"_acf_changed":false,"footnotes":""},"categories":[1],"tags":[],"class_list":["post-12940","post","type-post","status-publish","format-standard","has-post-thumbnail","hentry","category-sin-categoria"],"acf":{"ser_id":"XTIPZPIBY5CATAIHIPRFVXG54Y","ser_url":"https:\/\/cadenaser.com\/comunitat-valenciana\/2025\/02\/13\/el-dia-mundial-de-la-radio-une-a-radio-benidorm-ser-radio-sirena-cope-y-onda-cero-marina-baixa-radio-benidorm\/"},"_links":{"self":[{"href":"https:\/\/serbenidorm.daliisolutions.com\/index.php\/wp-json\/wp\/v2\/posts\/12940","targetHints":{"allow":["GET"]}}],"collection":[{"href":"https:\/\/serbenidorm.daliisolutions.com\/index.php\/wp-json\/wp\/v2\/posts"}],"about":[{"href":"https:\/\/serbenidorm.daliisolutions.com\/index.php\/wp-json\/wp\/v2\/types\/post"}],"replies":[{"embeddable":true,"href":"https:\/\/serbenidorm.daliisolutions.com\/index.php\/wp-json\/wp\/v2\/comments?post=12940"}],"version-history":[{"count":0,"href":"https:\/\/serbenidorm.daliisolutions.com\/index.php\/wp-json\/wp\/v2\/posts\/12940\/revisions"}],"wp:featuredmedia":[{"embeddable":true,"href":"https:\/\/serbenidorm.daliisolutions.com\/index.php\/wp-json\/wp\/v2\/media\/12941"}],"wp:attachment":[{"href":"https:\/\/serbenidorm.daliisolutions.com\/index.php\/wp-json\/wp\/v2\/media?parent=12940"}],"wp:term":[{"taxonomy":"category","embeddable":true,"href":"https:\/\/serbenidorm.daliisolutions.com\/index.php\/wp-json\/wp\/v2\/categories?post=12940"},{"taxonomy":"post_tag","embeddable":true,"href":"https:\/\/serbenidorm.daliisolutions.com\/index.php\/wp-json\/wp\/v2\/tags?post=12940"}],"curies":[{"name":"wp","href":"https:\/\/api.w.org\/{rel}","templated":true}]}}