{"id":12942,"date":"2025-02-13T16:28:50","date_gmt":"2025-02-13T15:28:50","guid":{"rendered":"https:\/\/serbenidorm.daliisolutions.com\/index.php\/2025\/02\/13\/accidente-de-trafico-en-beniarda-los-bomberos-lo-consideran-un-milagro\/"},"modified":"2025-02-13T16:28:50","modified_gmt":"2025-02-13T15:28:50","slug":"accidente-de-trafico-en-beniarda-los-bomberos-lo-consideran-un-milagro","status":"publish","type":"post","link":"https:\/\/serbenidorm.daliisolutions.com\/index.php\/2025\/02\/13\/accidente-de-trafico-en-beniarda-los-bomberos-lo-consideran-un-milagro\/","title":{"rendered":"Accidente de tr\u00e1fico en Beniard\u00e0: los bomberos lo consideran \u00abun milagro\u00bb"},"content":{"rendered":"  <p><div data-adtype=\"MLDB\"><\/div><\/p>   <p>Beniard\u00e0<\/p>   <p>Espectacular accidente de tr\u00e1fico el de este mi\u00e9rcoles en Beniard\u00e0, una peque\u00f1a localidad en el interior de la Marina Baixa. Seg\u00fan han informado fuentes del Consorcio Provincial de Bomberos de Alicante, fue sobre las tres de la tarde cuando un turismo se precipit\u00f3 por una ladera de m\u00e1s de 50 metros de altura <a href=\"https:\/\/cadenaser.com\/tag\/comarca_la_marina_baixa\/a\/\" target=\"_blank\">en las inmediaciones de un mirador con vistas al Embalse de Guadalest<\/a>. <\/p>   <p><p>M\u00e1s informaci\u00f3n<\/p><ul><li><a href=\"https:\/\/cadenaser.com\/comunitat-valenciana\/2025\/02\/13\/la-guardia-civil-esclarece-el-asesinato-de-un-joven-en-villajoyosa-hay-tres-detenidos-radio-benidorm\/\"><span>La Guardia Civil esclarece el asesinato de un joven en Villajoyosa: hay tres detenidos<\/span><\/a><\/li><\/ul><\/p>   <p>Durante su ca\u00edda, el veh\u00edculo dio varias vueltas de campana antes de quedar detenido en posici\u00f3n lateral cerca de una casa rural.<\/p>   <p>A pesar de la aparatosidad del siniestro, la conductora y su perro sobrevivieron milagrosamente. No s\u00f3lo eso, sino que, por fortuna, tanto la conductora como su mascota s\u00f3lo sufrieron \u00abrasgu\u00f1os\u00bb de car\u00e1cter leve. Pese a todo, y por precauci\u00f3n, la mujer fue trasladada en ambulancia al Hospital Comarcal de La Vila Joiosa para una valoraci\u00f3n m\u00e9dica.<\/p>   <p>El accidente moviliz\u00f3 un importante dispositivo de emergencias. Los Bomberos Provinciales del Parque de Benidorm desplazaron un veh\u00edculo de jefatura, una autobomba urbana y un furg\u00f3n de \u00fatiles de excarcelaci\u00f3n para garantizar la seguridad en la zona y eliminar posibles riesgos en el veh\u00edculo siniestrado. Adem\u00e1s, un helic\u00f3ptero medicalizado de la Generalitat Valenciana se desplaz\u00f3 hasta el lugar del accidente junto a una ambulancia y efectivos de la Guardia Civil.<\/p>   <p>Por el momento, se desconocen las causas exactas del accidente, aunque se investigan las circunstancias que pudieron provocar la salida de v\u00eda del veh\u00edculo en este punto elevado de la comarca.<\/p>   <p>     .c-w{         max-width:444px;         width:100%;         margin:32px auto;      background:#00755E;         border-radius:4px;         display:flex;         align-items:center;         justify-content:center;     }     .c-w a{         display:flex;         align-items:center;         justify-content:center;         padding:4px 24px;     }     .c-w img{         width:24px;         margin-right:12px;     }     .c-w p{         font:18px\/25px Poppins;         text-align:center;         color:#fff;         margin:0;     }     @media (max-width:444px){         .c-w a{             padding:4px 12px;         }         .c-w img{             width:24px;             margin-right:8px;         }         .c-w p{             font:14px\/25px Poppins;         }     }     @media (max-width:335px){         .c-w p{             font:13px\/25px Poppins;         }     }  <div class=\"c-w\">     <a href=\"https:\/\/www.whatsapp.com\/channel\/0029Va633PF9WtC4l7XUzh1e\" rel=\"nofollow\" target=\"_blank\">         <img decoding=\"async\" src=\"https:\/\/cadenaser.com\/estaticos\/recursosgraficos\/responsive\/img\/ico-whatsapp.svg\" alt=\"Whatsapp\">         <p>\u00danete al <b>canal de WhatsApp<\/b> de la SER<\/p>     <\/a> <\/div><\/p> ","protected":false},"excerpt":{"rendered":"<p>La conductora solo sufri\u00f3 rasgu\u00f1os tras despe\u00f1arse 50 metros<\/p>\n","protected":false},"author":0,"featured_media":12943,"comment_status":"open","ping_status":"open","sticky":false,"template":"","format":"standard","meta":{"_acf_changed":false,"footnotes":""},"categories":[1],"tags":[],"class_list":["post-12942","post","type-post","status-publish","format-standard","has-post-thumbnail","hentry","category-sin-categoria"],"acf":{"ser_id":"36WR3R3IWJCH5NNXW7EXQZWM3U","ser_url":"https:\/\/cadenaser.com\/comunitat-valenciana\/2025\/02\/13\/accidente-de-trafico-en-beniarda-los-bomberos-lo-consideran-un-milagro-radio-benidorm\/"},"_links":{"self":[{"href":"https:\/\/serbenidorm.daliisolutions.com\/index.php\/wp-json\/wp\/v2\/posts\/12942","targetHints":{"allow":["GET"]}}],"collection":[{"href":"https:\/\/serbenidorm.daliisolutions.com\/index.php\/wp-json\/wp\/v2\/posts"}],"about":[{"href":"https:\/\/serbenidorm.daliisolutions.com\/index.php\/wp-json\/wp\/v2\/types\/post"}],"replies":[{"embeddable":true,"href":"https:\/\/serbenidorm.daliisolutions.com\/index.php\/wp-json\/wp\/v2\/comments?post=12942"}],"version-history":[{"count":0,"href":"https:\/\/serbenidorm.daliisolutions.com\/index.php\/wp-json\/wp\/v2\/posts\/12942\/revisions"}],"wp:featuredmedia":[{"embeddable":true,"href":"https:\/\/serbenidorm.daliisolutions.com\/index.php\/wp-json\/wp\/v2\/media\/12943"}],"wp:attachment":[{"href":"https:\/\/serbenidorm.daliisolutions.com\/index.php\/wp-json\/wp\/v2\/media?parent=12942"}],"wp:term":[{"taxonomy":"category","embeddable":true,"href":"https:\/\/serbenidorm.daliisolutions.com\/index.php\/wp-json\/wp\/v2\/categories?post=12942"},{"taxonomy":"post_tag","embeddable":true,"href":"https:\/\/serbenidorm.daliisolutions.com\/index.php\/wp-json\/wp\/v2\/tags?post=12942"}],"curies":[{"name":"wp","href":"https:\/\/api.w.org\/{rel}","templated":true}]}}