{"id":12944,"date":"2025-02-13T16:28:52","date_gmt":"2025-02-13T15:28:52","guid":{"rendered":"https:\/\/serbenidorm.daliisolutions.com\/index.php\/2025\/02\/13\/martin-lepore-ejemplo-de-talento-y-personalidad-en-la-gimnasia-ritmica\/"},"modified":"2025-02-13T16:28:52","modified_gmt":"2025-02-13T15:28:52","slug":"martin-lepore-ejemplo-de-talento-y-personalidad-en-la-gimnasia-ritmica","status":"publish","type":"post","link":"https:\/\/serbenidorm.daliisolutions.com\/index.php\/2025\/02\/13\/martin-lepore-ejemplo-de-talento-y-personalidad-en-la-gimnasia-ritmica\/","title":{"rendered":"Mart\u00edn L\u00e9pore, ejemplo de talento y personalidad en la gimnasia r\u00edtmica"},"content":{"rendered":"  <p><div data-adtype=\"MLDB\"><\/div><\/p>   <p>Benidorm<\/p>   <p>En un mundo en el que la gimnasia r\u00edtmica ha estado tradicionalmente vinculada al deporte femenino, el avance de la modalidad masculina es una realidad imparable. As\u00ed lo confirma el reciente campe\u00f3n auton\u00f3mico, Mart\u00edn L\u00e9pore, quien en una entrevista en el programa &#8216;SER Deportivos Marina Baixa&#8217; de Radio Benidorm-Cadena SER ha explicado c\u00f3mo ha evolucionado el panorama para los chicos que quieren dedicarse a esta disciplina.<\/p>   <p>Pese a esa paulatina normalizaci\u00f3n, L\u00e9pore lamenta que \u201clos chicos en la gimnasia r\u00edtmica estamos bastante limitados porque s\u00f3lo podemos aspirar a un Campeonato de Espa\u00f1a\u201d, aunque celebra que, gracias a su ejemplo y el de otros \u2018pioneros\u2019 \u201ccada vez hay m\u00e1s ni\u00f1os entrando a este deporte\u201d.<\/p>   <p>Sin embargo, reconoce que quienes optan por esta especialidad deben afrontar comentarios cr\u00edticos. \u201cTienes que ser muy fuerte mentalmente porque siempre habr\u00e1 personas que te critiquen, pero al final es tu sue\u00f1o y debes seguir adelante\u201d.<\/p>   <p>El joven deportista comenz\u00f3 su andadura en la gimnasia r\u00edtmica con nueve a\u00f1os en el club de Benidorm. Tras una pausa durante la pandemia, en la que prob\u00f3 el v\u00f3ley, regres\u00f3 a la r\u00edtmica en 2022, esta vez en el Club Primavera de l\u2019Alf\u00e0s del Pi, donde ha seguido evolucionando hasta convertirse en campe\u00f3n auton\u00f3mico.<\/p>   <p><b>Un camino de disciplina y constancia<\/b><\/p>   <p>La gimnasia r\u00edtmica exige un alto nivel de coordinaci\u00f3n, flexibilidad, fuerza y disciplina. \u201cEs un deporte que combina la m\u00fasica, la expresi\u00f3n art\u00edstica y el manejo de los aparatos\u201d, explica el gimnasta. De hecho, destaca que su aparato favorito son las mazas: \u201cPuedes expresarte mucho con ellas, son muy din\u00e1micas y complicadas porque hay que manejar dos a la vez\u201d.<\/p>   <p>     .c-w{         max-width:444px;         width:100%;         margin:32px auto;      background:#00755E;         border-radius:4px;         display:flex;         align-items:center;         justify-content:center;     }     .c-w a{         display:flex;         align-items:center;         justify-content:center;         padding:4px 24px;     }     .c-w img{         width:24px;         margin-right:12px;     }     .c-w p{         font:18px\/25px Poppins;         text-align:center;         color:#fff;         margin:0;     }     @media (max-width:444px){         .c-w a{             padding:4px 12px;         }         .c-w img{             width:24px;             margin-right:8px;         }         .c-w p{             font:14px\/25px Poppins;         }     }     @media (max-width:335px){         .c-w p{             font:13px\/25px Poppins;         }     }  <div class=\"c-w\">     <a href=\"https:\/\/www.whatsapp.com\/channel\/0029Va633PF9WtC4l7XUzh1e\" rel=\"nofollow\" target=\"_blank\">         <img decoding=\"async\" src=\"https:\/\/cadenaser.com\/estaticos\/recursosgraficos\/responsive\/img\/ico-whatsapp.svg\" alt=\"Whatsapp\">         <p>\u00danete al <b>canal de WhatsApp<\/b> de la SER<\/p>     <\/a> <\/div><\/p>   <p>Su rutina de entrenamientos es exigente: \u201cVoy tres d\u00edas a la semana y entrenamos unas tres horas y media cada vez. Cuando tenemos competiciones, aumentamos la carga\u201d. Esto, sumado a las exigencias acad\u00e9micas de segundo de Bachillerato, supone un gran reto: \u201cEs bastante estresante porque la PAU est\u00e1 a la vuelta de la esquina, pero no me cierro a retomar el entrenamiento con mayor intensidad en el futuro\u201d.<\/p>   <p><b>Un futuro incierto para la r\u00edtmica masculina<\/b><\/p>   <p>A pesar de su pasi\u00f3n y dedicaci\u00f3n, la falta de competiciones internacionales masculinas sigue siendo un obst\u00e1culo. \u201cEl \u00fanico pa\u00eds que tiene las mismas reglas para chicos y chicas en gimnasia r\u00edtmica es Espa\u00f1a. Solo podemos aspirar a un campeonato nacional\u201d, lamenta.<\/p>   <p>Pese a ello, su motivaci\u00f3n sigue intacta. \u201cVer mi progreso cada d\u00eda es algo muy reconfortante. He llegado a mi objetivo, que era el Campeonato de Espa\u00f1a, y eso me hace sentir orgulloso\u201d. Con su ejemplo, contribuye a visibilizar y normalizar la gimnasia r\u00edtmica masculina, un camino que cada vez m\u00e1s ni\u00f1os est\u00e1n dispuestos a recorrer.<\/p> ","protected":false},"excerpt":{"rendered":"<p>El joven deportista del Club Primavera de l\u2019Alf\u00e0s del Pi se acaba de proclamar campe\u00f3n auton\u00f3mico<\/p>\n","protected":false},"author":0,"featured_media":12945,"comment_status":"open","ping_status":"open","sticky":false,"template":"","format":"standard","meta":{"_acf_changed":false,"footnotes":""},"categories":[16],"tags":[],"class_list":["post-12944","post","type-post","status-publish","format-standard","has-post-thumbnail","hentry","category-deportes"],"acf":{"ser_id":"366WR3Q65RA3DFIZSQLLGEWAHU","ser_url":"https:\/\/cadenaser.com\/comunitat-valenciana\/2025\/02\/13\/martin-lepore-ejemplo-de-talento-y-personalidad-en-la-gimnasia-ritmica-radio-benidorm\/"},"_links":{"self":[{"href":"https:\/\/serbenidorm.daliisolutions.com\/index.php\/wp-json\/wp\/v2\/posts\/12944","targetHints":{"allow":["GET"]}}],"collection":[{"href":"https:\/\/serbenidorm.daliisolutions.com\/index.php\/wp-json\/wp\/v2\/posts"}],"about":[{"href":"https:\/\/serbenidorm.daliisolutions.com\/index.php\/wp-json\/wp\/v2\/types\/post"}],"replies":[{"embeddable":true,"href":"https:\/\/serbenidorm.daliisolutions.com\/index.php\/wp-json\/wp\/v2\/comments?post=12944"}],"version-history":[{"count":0,"href":"https:\/\/serbenidorm.daliisolutions.com\/index.php\/wp-json\/wp\/v2\/posts\/12944\/revisions"}],"wp:featuredmedia":[{"embeddable":true,"href":"https:\/\/serbenidorm.daliisolutions.com\/index.php\/wp-json\/wp\/v2\/media\/12945"}],"wp:attachment":[{"href":"https:\/\/serbenidorm.daliisolutions.com\/index.php\/wp-json\/wp\/v2\/media?parent=12944"}],"wp:term":[{"taxonomy":"category","embeddable":true,"href":"https:\/\/serbenidorm.daliisolutions.com\/index.php\/wp-json\/wp\/v2\/categories?post=12944"},{"taxonomy":"post_tag","embeddable":true,"href":"https:\/\/serbenidorm.daliisolutions.com\/index.php\/wp-json\/wp\/v2\/tags?post=12944"}],"curies":[{"name":"wp","href":"https:\/\/api.w.org\/{rel}","templated":true}]}}