{"id":1296,"date":"2024-01-12T15:14:24","date_gmt":"2024-01-12T14:14:24","guid":{"rendered":"https:\/\/serbenidorm.daliisolutions.com\/index.php\/2024\/01\/12\/28-hoteles-de-benidorm-reciben-mas-de-millon-y-medios-de-euros-de-la-generalitat-para-complementar-el-imserso\/"},"modified":"2024-01-12T15:14:24","modified_gmt":"2024-01-12T14:14:24","slug":"28-hoteles-de-benidorm-reciben-mas-de-millon-y-medios-de-euros-de-la-generalitat-para-complementar-el-imserso","status":"publish","type":"post","link":"https:\/\/serbenidorm.daliisolutions.com\/index.php\/2024\/01\/12\/28-hoteles-de-benidorm-reciben-mas-de-millon-y-medios-de-euros-de-la-generalitat-para-complementar-el-imserso\/","title":{"rendered":"28 hoteles de Benidorm reciben m\u00e1s de mill\u00f3n y medios de euros de la Generalitat para complementar el Imserso"},"content":{"rendered":"  <p>Benidorm<\/p>   <p>Turisme Comunitat Valenciana concede un total de tres millones de euros a trav\u00e9s de la convocatoria de ayudas directas a los hoteles de la Comunitat Valenciana que han participado en el programa del <a href=\"https:\/\/cadenaser.com\/tag\/imserso_insituto_mayores_servicios_sociales\/a\/\" target=\"_blank\" rel=\"noopener\">Imserso<\/a> en 2023, seg\u00fan una resoluci\u00f3n publicada este jueves en el Diario Oficial de la Generalitat.<\/p>  <p><p class=\"tit\"><span>Hora 14 Benidorm (11\/01\/2024)<\/span><\/p> <p class=\"emb\"><iframe loading=\"lazy\" src=\"https:\/\/cadenaser.com\/embed\/audio\/460\/cadenaser_benidorm_hora14benidorm_20240111_141700_143000\/\" width=\"100%\" height=\"360\" frameborder=\"0\" allowfullscreen><\/iframe><\/p><\/p>   <p><a href=\"https:\/\/cadenaser.com\/tag\/benidorm\/a\/\" target=\"_blank\" rel=\"noopener\">Benidorm es el municipio de la regi\u00f3n donde m\u00e1s establecimientos hoteleros se han beneficiado<\/a>, hasta 28 del total de 52 que reciben la esta subvenci\u00f3n est\u00e1n en la capital tur\u00edstica.<\/p>  <p><p>M\u00e1s informaci\u00f3n<\/p><figure><img decoding=\"async\" src=\"https:\/\/cadenaser.com\/resizer\/xc6ox7mgvEuWP8NnuW4QTr03n_c=\/650x366\/filters:quality(70)\/cloudfront-eu-central-1.images.arcpublishing.com\/prisaradio\/QVXZXUBNLRGZJCG7TZ5XXGKYYU.jpg\" loading=\"lazy\" width=\"828\" height=\"621\" \/><\/figure><ul><li><a href=\"https:\/\/cadenaser.com\/comunitat-valenciana\/2024\/01\/10\/el-psoe-de-benidorm-denuncia-que-los-presupuestos-de-la-generalitat-se-olvidan-de-los-grandes-proyectos-para-la-ciudad-radio-benidorm\/\">El PSOE de Benidorm denuncia que los presupuestos de la Generalitat \u00abse olvidan de los grandes proyectos para la ciudad\u00bb<\/a><\/li><\/ul><\/p>   <p>Una subvenci\u00f3n que oscila entre 5.000 y 220.000 euros por establecimiento y que sirve para complementar el precio percibido por los alojamientos que participan en este programa. <\/p>   <p>La cuant\u00eda asciende en concreto a un importe de 5,63 euros por d\u00eda y habitaci\u00f3n efectivamente ocupada del 1 de enero al 30 de junio del pasado a\u00f1o.<\/p>   <p>La consellera del \u00e1rea Nuria Montes ha aprovechado la noticia para seguir insistiendo en reivindicar una reformulaci\u00f3n del Imserso que lo haga rentable para los establecimientos hosteleros: \u00abLo que toca es que el Gobierno de Espa\u00f1a nombre un nuevo responsable del Imserso y se siente a dise\u00f1ar el futuro del programa. Estamos fuera de tiempo y el pliego deber\u00eda estar pr\u00e1cticamente a punto de salir\u00bb, ha lamentado.<b><br \/> <\/b><\/p> ","protected":false},"excerpt":{"rendered":"<p>Ayudas de Turisme de 5,63 euros por d\u00eda y habitaci\u00f3n efectivamente ocupada por el programa de viajes del 1 de enero al 30 de junio del pasado a\u00f1o <\/p>\n","protected":false},"author":0,"featured_media":1297,"comment_status":"open","ping_status":"open","sticky":false,"template":"","format":"standard","meta":{"_acf_changed":false,"footnotes":""},"categories":[1],"tags":[],"class_list":["post-1296","post","type-post","status-publish","format-standard","has-post-thumbnail","hentry","category-sin-categoria"],"acf":{"ser_id":"ZKQ4EVZQU5AZVGWP2KIIHITOZE","ser_url":"https:\/\/cadenaser.com\/comunitat-valenciana\/2024\/01\/11\/28-hoteles-de-benidorm-reciben-mas-de-millon-y-medios-de-euros-de-la-generalitat-para-complementar-el-imserso-radio-benidorm\/"},"_links":{"self":[{"href":"https:\/\/serbenidorm.daliisolutions.com\/index.php\/wp-json\/wp\/v2\/posts\/1296","targetHints":{"allow":["GET"]}}],"collection":[{"href":"https:\/\/serbenidorm.daliisolutions.com\/index.php\/wp-json\/wp\/v2\/posts"}],"about":[{"href":"https:\/\/serbenidorm.daliisolutions.com\/index.php\/wp-json\/wp\/v2\/types\/post"}],"replies":[{"embeddable":true,"href":"https:\/\/serbenidorm.daliisolutions.com\/index.php\/wp-json\/wp\/v2\/comments?post=1296"}],"version-history":[{"count":0,"href":"https:\/\/serbenidorm.daliisolutions.com\/index.php\/wp-json\/wp\/v2\/posts\/1296\/revisions"}],"wp:featuredmedia":[{"embeddable":true,"href":"https:\/\/serbenidorm.daliisolutions.com\/index.php\/wp-json\/wp\/v2\/media\/1297"}],"wp:attachment":[{"href":"https:\/\/serbenidorm.daliisolutions.com\/index.php\/wp-json\/wp\/v2\/media?parent=1296"}],"wp:term":[{"taxonomy":"category","embeddable":true,"href":"https:\/\/serbenidorm.daliisolutions.com\/index.php\/wp-json\/wp\/v2\/categories?post=1296"},{"taxonomy":"post_tag","embeddable":true,"href":"https:\/\/serbenidorm.daliisolutions.com\/index.php\/wp-json\/wp\/v2\/tags?post=1296"}],"curies":[{"name":"wp","href":"https:\/\/api.w.org\/{rel}","templated":true}]}}