{"id":12973,"date":"2025-02-14T15:42:08","date_gmt":"2025-02-14T14:42:08","guid":{"rendered":"https:\/\/serbenidorm.daliisolutions.com\/index.php\/2025\/02\/14\/los-taxistas-asalariados-de-benidorm-se-unen-para-reclamar-mas-licencias-y-reducir-la-espera-de-los-clientes\/"},"modified":"2025-02-14T15:42:08","modified_gmt":"2025-02-14T14:42:08","slug":"los-taxistas-asalariados-de-benidorm-se-unen-para-reclamar-mas-licencias-y-reducir-la-espera-de-los-clientes","status":"publish","type":"post","link":"https:\/\/serbenidorm.daliisolutions.com\/index.php\/2025\/02\/14\/los-taxistas-asalariados-de-benidorm-se-unen-para-reclamar-mas-licencias-y-reducir-la-espera-de-los-clientes\/","title":{"rendered":"Los taxistas asalariados de Benidorm se unen para reclamar m\u00e1s licencias y reducir la espera de los clientes"},"content":{"rendered":"  <p><div data-adtype=\"MLDB\"><\/div><\/p>   <p>Benidorm<\/p>   <p>Las colas en paradas de taxis como la de la estaci\u00f3n de autobuses que encabeza este art\u00edculo se han convertido ya en una estampa habitual de Benidorm no solo durante el verano si no en otros momentos del a\u00f1o en los que el turismo llega en masa, como por ejemplo la Semana Santa, o con celebraciones como el Benidorm Fest o las fiestas patronales.<\/p>   <p>Una situaci\u00f3n que para los taxistas asalariados tiene una soluci\u00f3n clara: aumentar el n\u00famero de licencias en la ciudad. Esa es la principal reivindicaci\u00f3n de la <a href=\"https:\/\/cadenaser.com\/tag\/comarca_la_marina_baixa\/a\/\" target=\"_blank\">Asociaci\u00f3n Sindical de Trabajadores del Taxi de Benidorm y Marina Baixa<\/a>, un colectivo de reciente creaci\u00f3n que se concentra cada viernes a las puertas del Ayuntamiento: \u00abQueremos hablar con la administraci\u00f3n del problema\u00bb.<\/p>  <p><p>M\u00e1s informaci\u00f3n<\/p><figure><img loading=\"lazy\" decoding=\"async\" src=\"https:\/\/cadenaser.com\/resizer\/v2\/VE7V67VFAZFAZDJTPCAUH2DQWQ.jpg?auth=350133f40fe6a82fd5221c5484edf3c82d31ba4027976bf42e7394e2e875f711&amp;quality=70&amp;width=360&amp;height=202&amp;smart=true\" width=\"820\" height=\"621\" \/><\/figure><ul><li><a href=\"https:\/\/cadenaser.com\/comunitat-valenciana\/2025\/02\/11\/el-sindicato-mayoritario-del-ayuntamiento-de-benidorm-exige-refuerzos-para-la-inspeccion-de-viviendas-turisticas-radio-benidorm\/\"><span>El sindicato mayoritario del Ayuntamiento de Benidorm exige refuerzos para la inspecci\u00f3n de viviendas tur\u00edsticas<\/span><\/a><\/li><\/ul><\/p>   <p>Su portavoz Manuel Ru\u00edz ha explicado a <a href=\"https:\/\/cadenaser.com\/tag\/benidorm\/a\/\" target=\"_blank\">Radio Benidorm<\/a> que es una cuesti\u00f3n que vienen trasladando a la concejal\u00eda de Movilidad desde hace dos a\u00f1os y que el pr\u00f3ximo martes 18 de febrero tienen concertada al fin una reuni\u00f3n con el responsable del \u00e1rea, Francis Mu\u00f1oz.<\/p>   <p>Un encuentro en el que tambi\u00e9n quieren abordar la escasez de veh\u00edculos adaptados para personas con movilidad reducida, usuarios para los que el tiempo de espera puede alcanzar la hora. <\/p>   <p>Seg\u00fan Ru\u00edz el edil \u00abha dado entender que tiene intenci\u00f3n de aumentar el n\u00famero de taxis adaptados de 14 a 25\u00bb, pero hace hincapi\u00e9 en que la respuesta no debe ser convertir licencias est\u00e1ndar por adaptadas si no la creaci\u00f3n, insiste, de nuevos permisos.<\/p>   <p>     .c-w{         max-width:444px;         width:100%;         margin:32px auto;      background:#00755E;         border-radius:4px;         display:flex;         align-items:center;         justify-content:center;     }     .c-w a{         display:flex;         align-items:center;         justify-content:center;         padding:4px 24px;     }     .c-w img{         width:24px;         margin-right:12px;     }     .c-w p{         font:18px\/25px Poppins;         text-align:center;         color:#fff;         margin:0;     }     @media (max-width:444px){         .c-w a{             padding:4px 12px;         }         .c-w img{             width:24px;             margin-right:8px;         }         .c-w p{             font:14px\/25px Poppins;         }     }     @media (max-width:335px){         .c-w p{             font:13px\/25px Poppins;         }     }  <div class=\"c-w\">     <a href=\"https:\/\/www.whatsapp.com\/channel\/0029Va633PF9WtC4l7XUzh1e\" rel=\"nofollow\" target=\"_blank\">         <img decoding=\"async\" src=\"https:\/\/cadenaser.com\/estaticos\/recursosgraficos\/responsive\/img\/ico-whatsapp.svg\" alt=\"Whatsapp\">         <p>\u00danete al <b>canal de WhatsApp<\/b> de la SER<\/p>     <\/a> <\/div><\/p> ","protected":false},"excerpt":{"rendered":"<p>La Asociaci\u00f3n Sindical de Trabajadores del Taxi de Benidorm y Marina Baixa tambi\u00e9n hace hincapi\u00e9 en la falta de permisos para veh\u00edculos adaptados<\/p>\n","protected":false},"author":0,"featured_media":12974,"comment_status":"open","ping_status":"open","sticky":false,"template":"","format":"standard","meta":{"_acf_changed":false,"footnotes":""},"categories":[1],"tags":[],"class_list":["post-12973","post","type-post","status-publish","format-standard","has-post-thumbnail","hentry","category-sin-categoria"],"acf":{"ser_id":"3SMVBR44KFF6NCFVJMF354B2GI","ser_url":"https:\/\/cadenaser.com\/comunitat-valenciana\/2025\/02\/14\/los-taxistas-asalariados-de-benidorm-se-unen-para-reclamar-mas-licencias-y-reducir-la-espera-de-los-clientes-radio-benidorm\/"},"_links":{"self":[{"href":"https:\/\/serbenidorm.daliisolutions.com\/index.php\/wp-json\/wp\/v2\/posts\/12973","targetHints":{"allow":["GET"]}}],"collection":[{"href":"https:\/\/serbenidorm.daliisolutions.com\/index.php\/wp-json\/wp\/v2\/posts"}],"about":[{"href":"https:\/\/serbenidorm.daliisolutions.com\/index.php\/wp-json\/wp\/v2\/types\/post"}],"replies":[{"embeddable":true,"href":"https:\/\/serbenidorm.daliisolutions.com\/index.php\/wp-json\/wp\/v2\/comments?post=12973"}],"version-history":[{"count":0,"href":"https:\/\/serbenidorm.daliisolutions.com\/index.php\/wp-json\/wp\/v2\/posts\/12973\/revisions"}],"wp:featuredmedia":[{"embeddable":true,"href":"https:\/\/serbenidorm.daliisolutions.com\/index.php\/wp-json\/wp\/v2\/media\/12974"}],"wp:attachment":[{"href":"https:\/\/serbenidorm.daliisolutions.com\/index.php\/wp-json\/wp\/v2\/media?parent=12973"}],"wp:term":[{"taxonomy":"category","embeddable":true,"href":"https:\/\/serbenidorm.daliisolutions.com\/index.php\/wp-json\/wp\/v2\/categories?post=12973"},{"taxonomy":"post_tag","embeddable":true,"href":"https:\/\/serbenidorm.daliisolutions.com\/index.php\/wp-json\/wp\/v2\/tags?post=12973"}],"curies":[{"name":"wp","href":"https:\/\/api.w.org\/{rel}","templated":true}]}}