{"id":12975,"date":"2025-02-14T15:42:09","date_gmt":"2025-02-14T14:42:09","guid":{"rendered":"https:\/\/serbenidorm.daliisolutions.com\/index.php\/2025\/02\/14\/benidorm-enamora-a-los-turistas-y-sus-hoteles-rozan-el-lleno-tecnico-este-fin-de-semana\/"},"modified":"2025-02-14T15:42:09","modified_gmt":"2025-02-14T14:42:09","slug":"benidorm-enamora-a-los-turistas-y-sus-hoteles-rozan-el-lleno-tecnico-este-fin-de-semana","status":"publish","type":"post","link":"https:\/\/serbenidorm.daliisolutions.com\/index.php\/2025\/02\/14\/benidorm-enamora-a-los-turistas-y-sus-hoteles-rozan-el-lleno-tecnico-este-fin-de-semana\/","title":{"rendered":"Benidorm &#8216;enamora&#8217; a los turistas y sus hoteles rozan el lleno t\u00e9cnico este fin de semana"},"content":{"rendered":"  <p><div data-adtype=\"MLDB\"><\/div><\/p>   <p>Benidorm<\/p>   <p>El mes de febrero, con el turismo de nieve funcionando a pleno rendimiento, es el m\u00e1s complicado para los destinos de costa. Pese a ello, campa\u00f1as como la de San Valent\u00edn este fin de semana se convierten en fundamentales para la principal industria de la Costa Blanca, que registrar\u00e1, seg\u00fan los datos adelantados este viernes por la patronal hotelera Hosbec, ocupaciones espectaculares con<a href=\"https:\/\/cadenaser.com\/tag\/benidorm\/a\/\" target=\"_blank\"> Benidorm ejerciendo, de nuevo, de locomotora alcanzando, en su caso, el lleno t\u00e9cnico<\/a>.<\/p>   <p>Los hoteleros valencianos califican la cita con Cupido y sus flechas como \u201cimprescindible en el calendario de reservas\u201d. Se trata, adem\u00e1s, de una fecha que \u201ca\u00f1o a a\u00f1o va ganando enteros entre las preferencias de los consumidores\u201d y que sirve, como lo hicieron los grandes eventos deportivos y musicales de enero, para \u201cromper la estacionalidad\u201d y, de esta manera elevar la ocupaci\u00f3n \u201ca cifras m\u00e1s propias de la temporada alta en pleno mes de febrero\u201d.<\/p>   <p>Lleno t\u00e9cnico en Benidorm<\/p>   <p>Una vez m\u00e1s, es Benidorm, la capital tur\u00edstica del Mediterr\u00e1neo, la que encabeza ese tir\u00f3n de San Valent\u00edn tanto para la Costa Blanca como para el conjunto de la Comunitat Valenciana. En el caso de la ciudad de los rascacielos, las reservas \u201cya consolidadas\u201d alcanzan el 93% del total disponible lo que se considera un lleno t\u00e9cnico m\u00e1s si cabe teniendo en cuenta que ese porcentaje podr\u00eda incrementarse ligeramente con las llegadas de \u00faltima (ultim\u00edsima) hora.<\/p>  <p><p>M\u00e1s informaci\u00f3n<\/p><figure><img loading=\"lazy\" decoding=\"async\" src=\"https:\/\/cadenaser.com\/resizer\/v2\/CVHT5YLMERH5BK4DP5Y6OKAFSQ.jpg?auth=7e1e82535d29982fd232e50b34de281f844764de18eb9e87928fa273bf3249e0&amp;quality=70&amp;width=360&amp;height=202&amp;smart=true\" width=\"820\" height=\"621\" \/><\/figure><ul><li><a href=\"https:\/\/cadenaser.com\/comunitat-valenciana\/2025\/02\/13\/bajon-de-la-construccion-de-vivienda-en-benidorm-y-villajoyosa-durante-2025-radio-benidorm\/\"><span>Baj\u00f3n de la construcci\u00f3n de vivienda en Benidorm y Villajoyosa durante 2024<\/span><\/a><\/li><\/ul><\/p>   <p>Una cifra de reservas en la que apenas existen diferencias en relaci\u00f3n a la calidad de los establecimientos. Aunque los que mejor \u00edndice de ocupaci\u00f3n presentan son los hoteles de cuatro estrellas (93,6%), los de cuatro estrellas superior y tres estrellas sobrepasan tambi\u00e9n, y con creces, el 92%.<\/p>   <p>Lo que s\u00ed se dispara en este fin de semana es el peso del turismo nacional, que alcanza el 58% del total en la ciudad de Benidorm seguido, muy de lejos en este caso, de los brit\u00e1nicos (22,5%), belgas (4,5%) o neerlandeses (4,4%).<\/p>   <p>     .c-w{         max-width:444px;         width:100%;         margin:32px auto;      background:#00755E;         border-radius:4px;         display:flex;         align-items:center;         justify-content:center;     }     .c-w a{         display:flex;         align-items:center;         justify-content:center;         padding:4px 24px;     }     .c-w img{         width:24px;         margin-right:12px;     }     .c-w p{         font:18px\/25px Poppins;         text-align:center;         color:#fff;         margin:0;     }     @media (max-width:444px){         .c-w a{             padding:4px 12px;         }         .c-w img{             width:24px;             margin-right:8px;         }         .c-w p{             font:14px\/25px Poppins;         }     }     @media (max-width:335px){         .c-w p{             font:13px\/25px Poppins;         }     }  <div class=\"c-w\">     <a href=\"https:\/\/www.whatsapp.com\/channel\/0029Va633PF9WtC4l7XUzh1e\" rel=\"nofollow\" target=\"_blank\">         <img decoding=\"async\" src=\"https:\/\/cadenaser.com\/estaticos\/recursosgraficos\/responsive\/img\/ico-whatsapp.svg\" alt=\"Whatsapp\">         <p>\u00danete al <b>canal de WhatsApp<\/b> de la SER<\/p>     <\/a> <\/div><\/p>   <p>La Costa Blanca, hasta los topes<\/p>   <p>La foto fija no es muy distinta en el resto de la provincia de Alicante. Una vez eliminada la variable de Benidorm de la ecuaci\u00f3n, la Costa Blanca ya tiene confirmadas la reserva del 89% de sus plazas hoteleras con un peso del 57% del mercado nacional, lo que implica que toda la regi\u00f3n estar\u00e1 \u2018hasta los topes\u2019 estas fechas.<\/p>   <p>Abriendo el foco al resto de la Comunitat Valenciana, lo m\u00e1s sorprendente, al menos atendiendo al hist\u00f3rico acumulado, es el buen comportamiento de la provincia de Castell\u00f3n, que tambi\u00e9n supera el 89% de ocupaci\u00f3n hotelera (aunque, como ya se explic\u00f3 en la oleada de enero, aqu\u00ed se produce un mayor n\u00famero de cierres por temporada) con un pleno casi total del turismo nacional, que representar\u00e1 el 92% del volumen total.<\/p>   <p>Valencia ciudad es el destino que \u2018peor\u2019 se comporta en este estudio de Hosbec ya que se quedar\u00e1 en un 77,4% de ocupaci\u00f3n frente al 84,7% del global provincial.<\/p> ","protected":false},"excerpt":{"rendered":"<p>La ocupaci\u00f3n media de toda la Comunitat Valenciana roza el 90 %<\/p>\n","protected":false},"author":0,"featured_media":12976,"comment_status":"open","ping_status":"open","sticky":false,"template":"","format":"standard","meta":{"_acf_changed":false,"footnotes":""},"categories":[1],"tags":[],"class_list":["post-12975","post","type-post","status-publish","format-standard","has-post-thumbnail","hentry","category-sin-categoria"],"acf":{"ser_id":"64F2EDQ6BNB2JEACQAYUYVAUGY","ser_url":"https:\/\/cadenaser.com\/comunitat-valenciana\/2025\/02\/14\/benidorm-enamora-a-los-turistas-y-sus-hoteles-rozan-el-lleno-tecnico-este-fin-de-semana-radio-benidorm\/"},"_links":{"self":[{"href":"https:\/\/serbenidorm.daliisolutions.com\/index.php\/wp-json\/wp\/v2\/posts\/12975","targetHints":{"allow":["GET"]}}],"collection":[{"href":"https:\/\/serbenidorm.daliisolutions.com\/index.php\/wp-json\/wp\/v2\/posts"}],"about":[{"href":"https:\/\/serbenidorm.daliisolutions.com\/index.php\/wp-json\/wp\/v2\/types\/post"}],"replies":[{"embeddable":true,"href":"https:\/\/serbenidorm.daliisolutions.com\/index.php\/wp-json\/wp\/v2\/comments?post=12975"}],"version-history":[{"count":0,"href":"https:\/\/serbenidorm.daliisolutions.com\/index.php\/wp-json\/wp\/v2\/posts\/12975\/revisions"}],"wp:featuredmedia":[{"embeddable":true,"href":"https:\/\/serbenidorm.daliisolutions.com\/index.php\/wp-json\/wp\/v2\/media\/12976"}],"wp:attachment":[{"href":"https:\/\/serbenidorm.daliisolutions.com\/index.php\/wp-json\/wp\/v2\/media?parent=12975"}],"wp:term":[{"taxonomy":"category","embeddable":true,"href":"https:\/\/serbenidorm.daliisolutions.com\/index.php\/wp-json\/wp\/v2\/categories?post=12975"},{"taxonomy":"post_tag","embeddable":true,"href":"https:\/\/serbenidorm.daliisolutions.com\/index.php\/wp-json\/wp\/v2\/tags?post=12975"}],"curies":[{"name":"wp","href":"https:\/\/api.w.org\/{rel}","templated":true}]}}