{"id":1298,"date":"2024-01-12T15:14:25","date_gmt":"2024-01-12T14:14:25","guid":{"rendered":"https:\/\/serbenidorm.daliisolutions.com\/index.php\/2024\/01\/12\/cambios-en-el-gobierno-de-la-vila-joiosa-se-crean-las-concejalias-de-bienestar-animal-y-ciudad-inteligente-y-desaparece-la-de-casco-historico\/"},"modified":"2024-01-12T15:14:25","modified_gmt":"2024-01-12T14:14:25","slug":"cambios-en-el-gobierno-de-la-vila-joiosa-se-crean-las-concejalias-de-bienestar-animal-y-ciudad-inteligente-y-desaparece-la-de-casco-historico","status":"publish","type":"post","link":"https:\/\/serbenidorm.daliisolutions.com\/index.php\/2024\/01\/12\/cambios-en-el-gobierno-de-la-vila-joiosa-se-crean-las-concejalias-de-bienestar-animal-y-ciudad-inteligente-y-desaparece-la-de-casco-historico\/","title":{"rendered":"Cambios en el gobierno de La Vila Joiosa: se crean las concejal\u00edas de Bienestar Animal y Ciudad Inteligente y desaparece la de Casco Hist\u00f3rico"},"content":{"rendered":"  <p>La Vila Joiosa<\/p>   <p>Medio a\u00f1o despu\u00e9s del regreso del Partido Popular al gobierno local de La Vila Joiosa su alcalde <a href=\"https:\/\/cadenaser.com\/tag\/vila_joiosa\/a\/\" target=\"_blank\" rel=\"noopener\">Marcos Zaragoza<\/a> ha decidido reorganizar las funciones en el Ayuntamiento mediante un decreto donde destaca la creaci\u00f3n de dos nuevas concejal\u00edas, Bienestar Animal y Ciudad Inteligente, y la desaparici\u00f3n del departamento de Casco Hist\u00f3rico.<\/p>   <p>En relaci\u00f3n a este \u00faltimo cambio, criticado por la oposici\u00f3n del PSPV-PSOE, el ejecutivo lo justifica en la ya anunciada<a href=\"https:\/\/cadenaser.com\/comunitat-valenciana\/2023\/12\/19\/la-vila-joiosa-en-2024-el-alcalde-promete-reactivar-la-casa-de-la-musica-y-crear-los-sindicos-de-barrio-radio-benidorm\/\" target=\"_blank\" rel=\"noopener\"> iniciativa de los s\u00edndicos de barrio por la cual cada edil se har\u00e1 responsable de una zona de la localidad<\/a>: \u00abAhora dispone de un s\u00edndico de barrio, que es la concejal Rosa Llorca, y no s\u00f3lo est\u00e1 atendida por esta concejal\u00eda, sino que en el barrio intervienen pr\u00e1cticamente todas\u00bb.<\/p>   <p>Los socialistas consideran sin embargo que esto supondr\u00e1 \u00abun retroceso en el desarrollo que ha venido teniendo el Casco en los \u00faltimos a\u00f1os y ser\u00e1 mucho m\u00e1s complejo acometer las diferentes circunstancias en un barrio tan singular\u00bb, ha dicho su portavoz <a href=\"https:\/\/cadenaser.com\/tag\/pspv_psoe_partido_socialista_pais_valencia\/a\/\" target=\"_blank\" rel=\"noopener\">Andreu Verd\u00fa<\/a>, que tambi\u00e9n ha a\u00f1adido que este hecho se suma \u00abal cobro de tasas de terrazas y veladores que recientemente el PP ha implantado en el barrio\u00bb.<\/p>  <p><p>M\u00e1s informaci\u00f3n<\/p><figure><img decoding=\"async\" src=\"https:\/\/cadenaser.com\/resizer\/0I4-KdtMljIxzhpHJe6LAvH2vFk=\/650x366\/filters:quality(70)\/cloudfront-eu-central-1.images.arcpublishing.com\/prisaradio\/2L6GZ2QGDZDGPDASJMXYYANDIE.jpeg\" loading=\"lazy\" width=\"828\" height=\"621\" \/><\/figure><ul><li><a href=\"https:\/\/cadenaser.com\/comunitat-valenciana\/2023\/12\/19\/la-vila-joiosa-en-2024-el-alcalde-promete-reactivar-la-casa-de-la-musica-y-crear-los-sindicos-de-barrio-radio-benidorm\/\">La Vila Joiosa en 2024: reactivar la Casa de la M\u00fasica y crear los S\u00edndicos de Barrio<\/a><\/li><\/ul><\/p>   <p>En cuanto a las \u00e1reas de nueva creaci\u00f3n, estas recaer\u00e1n en Carlos Soler (Bienestar Animal) y Pedro Ramis (Ciudad Inteligente). Asimismo, el alcalde ha redistribuido las delegaciones de Pesca y Agricultura, que pasan de Pedro Ramis a Carlos Soler, y el \u00e1rea de Industria, de Ramis a la edil Rosa Llorca.<\/p>   <p>\u201cLlorca es la responsable de Turismo y Comercio y el \u00e1rea de Industria est\u00e1 muy vinculada a estos sectores, por lo que he considerado conveniente rentabilizar la dedicaci\u00f3n y unificar en una persona los proyectos, objetivos y criterios en el \u00e1mbito empresarial\u201d, ha explicado Zaragoza.<\/p>  <p><p class=\"tit\"><span>Hora 14 Benidorm (11\/01\/2024)<\/span><\/p> <p class=\"emb\"><iframe loading=\"lazy\" src=\"https:\/\/cadenaser.com\/embed\/audio\/460\/cadenaser_benidorm_hora14benidorm_20240111_141700_143000\/\" width=\"100%\" height=\"360\" frameborder=\"0\" allowfullscreen><\/iframe><\/p><\/p>   <p>A estos cambios se a\u00f1aden otros cambios en las denominaciones de algunas concejal\u00edas como la de Bienestar Social e Igualdad, que pasa a titularse Servicios Sociales e Igualdad; la de de Inform\u00e1tica, que pasa a llamarse Sistemas de Informaci\u00f3n; y la de Transportes, que se va a denominar Movilidad Urbana.<\/p> ","protected":false},"excerpt":{"rendered":"<p>Marcos Zaragoza reorganiza las materias y proyectos a tratar por cada departamento seis meses despu\u00e9s de llegar a la alcald\u00eda<\/p>\n","protected":false},"author":0,"featured_media":1299,"comment_status":"open","ping_status":"open","sticky":false,"template":"","format":"standard","meta":{"_acf_changed":false,"footnotes":""},"categories":[1],"tags":[],"class_list":["post-1298","post","type-post","status-publish","format-standard","has-post-thumbnail","hentry","category-sin-categoria"],"acf":{"ser_id":"3TSQMYSU4NHHVH63VE3MMDY7FY","ser_url":"https:\/\/cadenaser.com\/comunitat-valenciana\/2024\/01\/11\/cambios-en-el-gobierno-de-la-vila-joiosa-se-crean-las-concejalias-de-bienestar-animal-y-ciudad-inteligente-y-desaparece-la-de-casco-historico-radio-benidorm\/"},"_links":{"self":[{"href":"https:\/\/serbenidorm.daliisolutions.com\/index.php\/wp-json\/wp\/v2\/posts\/1298","targetHints":{"allow":["GET"]}}],"collection":[{"href":"https:\/\/serbenidorm.daliisolutions.com\/index.php\/wp-json\/wp\/v2\/posts"}],"about":[{"href":"https:\/\/serbenidorm.daliisolutions.com\/index.php\/wp-json\/wp\/v2\/types\/post"}],"replies":[{"embeddable":true,"href":"https:\/\/serbenidorm.daliisolutions.com\/index.php\/wp-json\/wp\/v2\/comments?post=1298"}],"version-history":[{"count":0,"href":"https:\/\/serbenidorm.daliisolutions.com\/index.php\/wp-json\/wp\/v2\/posts\/1298\/revisions"}],"wp:featuredmedia":[{"embeddable":true,"href":"https:\/\/serbenidorm.daliisolutions.com\/index.php\/wp-json\/wp\/v2\/media\/1299"}],"wp:attachment":[{"href":"https:\/\/serbenidorm.daliisolutions.com\/index.php\/wp-json\/wp\/v2\/media?parent=1298"}],"wp:term":[{"taxonomy":"category","embeddable":true,"href":"https:\/\/serbenidorm.daliisolutions.com\/index.php\/wp-json\/wp\/v2\/categories?post=1298"},{"taxonomy":"post_tag","embeddable":true,"href":"https:\/\/serbenidorm.daliisolutions.com\/index.php\/wp-json\/wp\/v2\/tags?post=1298"}],"curies":[{"name":"wp","href":"https:\/\/api.w.org\/{rel}","templated":true}]}}