{"id":13043,"date":"2025-02-17T18:34:21","date_gmt":"2025-02-17T17:34:21","guid":{"rendered":"https:\/\/serbenidorm.daliisolutions.com\/index.php\/2025\/02\/17\/radio-taxi-benidorm-se-opone-a-la-ampliacion-de-licencias-que-los-conductores-asalariados-reclaman\/"},"modified":"2025-02-17T18:34:21","modified_gmt":"2025-02-17T17:34:21","slug":"radio-taxi-benidorm-se-opone-a-la-ampliacion-de-licencias-que-los-conductores-asalariados-reclaman","status":"publish","type":"post","link":"https:\/\/serbenidorm.daliisolutions.com\/index.php\/2025\/02\/17\/radio-taxi-benidorm-se-opone-a-la-ampliacion-de-licencias-que-los-conductores-asalariados-reclaman\/","title":{"rendered":"Radio Taxi Benidorm se opone a la ampliaci\u00f3n de licencias que los conductores asalariados reclaman"},"content":{"rendered":"  <p><div data-adtype=\"MLDB\"><\/div><\/p>   <p>Benidorm<\/p>   <p>La asociaci\u00f3n mayoritaria del taxi en Benidorm, Radio Taxi, se ha mostrado este lunes en contra de la propuesta de los conductores asalariados que se han organizado para reclamar m\u00e1s licencias con las que reducir las esperas en las paradas de la ciudad.<\/p>   <p>En declaraciones a <a href=\"https:\/\/cadenaser.com\/tag\/benidorm\/a\/\" target=\"_blank\">Radio Benidorm<\/a> el presidente de Radio Taxi Alfredo Fern\u00e1ndez ha asegurado que, aunque respetan la posici\u00f3n de los trabajadores, no comparten su diagn\u00f3stico ni su soluci\u00f3n: \u00abEn muchos momentos del d\u00eda hay taxis aparcados o en los garajes porque no cabr\u00edamos en las paradas\u00bb.<\/p>  <p><p>M\u00e1s informaci\u00f3n<\/p><figure><img loading=\"lazy\" decoding=\"async\" src=\"https:\/\/cadenaser.com\/resizer\/v2\/MTNARZKMT5DZXJR56OZP43Q434.jpeg?auth=7a425330bc8278c986ef64741f67b6647aa031813fc5413c3d63c40a42a44571&amp;quality=70&amp;width=360&amp;height=202&amp;smart=true\" width=\"820\" height=\"621\" \/><\/figure><ul><li><a href=\"https:\/\/cadenaser.com\/comunitat-valenciana\/2025\/02\/14\/los-taxistas-asalariados-de-benidorm-se-unen-para-reclamar-mas-licencias-y-reducir-la-espera-de-los-clientes-radio-benidorm\/\"><span>Los taxistas asalariados de Benidorm se unen para reclamar m\u00e1s licencias y reducir la espera de los clientes<\/span><\/a><\/li><\/ul><\/p>   <p>Cree Fern\u00e1ndez que es normal que en los momentos de mayor afluencia se incrementen algo las esperas y defiende que el n\u00famero actual de licencias, algo m\u00e1s de 200, se ajusta al tama\u00f1o y las necesidades de la capital tur\u00edstica: \u00abCon los taxis que hay es m\u00e1s que suficiente para dar servicio\u00bb.<\/p>   <p>El presidente de Radio Taxi ha argumentado que los picos de demanda son puntuales y lo ha comparado con otros servicios: \u00abTampoco se pueden poner m\u00e1s m\u00e9dicos o polic\u00edas\u00bb. Adem\u00e1s, ha subrayado que el n\u00famero de licencias de veh\u00edculos adaptados para personas con movilidad reducida, otra de las quejas de la Asociaci\u00f3n Sindical de Trabajadores del Taxi de Benidorm y Marina Baixa, es suficiente y cumple con la ley: \u00abSon 14, est\u00e1n por encima del 5 % del total\u00bb.<\/p>   <p>Tanto Radio Taxi como la nueva asociaci\u00f3n de asalariados, que se ha concentrado durante las \u00faltimas semanas frente al Ayuntamiento, participar\u00e1n este martes en una reuni\u00f3n con el concejal de Movilidad Francis Mu\u00f1oz para mostrar su punto de vista y explorar un acuerdo.<\/p>   <p>     .c-w{         max-width:444px;         width:100%;         margin:32px auto;      background:#00755E;         border-radius:4px;         display:flex;         align-items:center;         justify-content:center;     }     .c-w a{         display:flex;         align-items:center;         justify-content:center;         padding:4px 24px;     }     .c-w img{         width:24px;         margin-right:12px;     }     .c-w p{         font:18px\/25px Poppins;         text-align:center;         color:#fff;         margin:0;     }     @media (max-width:444px){         .c-w a{             padding:4px 12px;         }         .c-w img{             width:24px;             margin-right:8px;         }         .c-w p{             font:14px\/25px Poppins;         }     }     @media (max-width:335px){         .c-w p{             font:13px\/25px Poppins;         }     }  <div class=\"c-w\">     <a href=\"https:\/\/www.whatsapp.com\/channel\/0029Va633PF9WtC4l7XUzh1e\" rel=\"nofollow\" target=\"_blank\">         <img decoding=\"async\" src=\"https:\/\/cadenaser.com\/estaticos\/recursosgraficos\/responsive\/img\/ico-whatsapp.svg\" alt=\"Whatsapp\">         <p>\u00danete al <b>canal de WhatsApp<\/b> de la SER<\/p>     <\/a> <\/div><\/p> ","protected":false},"excerpt":{"rendered":"<p>Su presidente defiende que el n\u00famero se adapta al tama\u00f1o y las condiciones de la ciudad<\/p>\n","protected":false},"author":0,"featured_media":13044,"comment_status":"open","ping_status":"open","sticky":false,"template":"","format":"standard","meta":{"_acf_changed":false,"footnotes":""},"categories":[1],"tags":[],"class_list":["post-13043","post","type-post","status-publish","format-standard","has-post-thumbnail","hentry","category-sin-categoria"],"acf":{"ser_id":"RY4GWPTZMFF63KX2HWVUBQE4SI","ser_url":"https:\/\/cadenaser.com\/comunitat-valenciana\/2025\/02\/17\/radio-taxi-benidorm-se-opone-a-la-ampliacion-de-licencias-que-piden-los-conductores-asalariados-radio-benidorm\/"},"_links":{"self":[{"href":"https:\/\/serbenidorm.daliisolutions.com\/index.php\/wp-json\/wp\/v2\/posts\/13043","targetHints":{"allow":["GET"]}}],"collection":[{"href":"https:\/\/serbenidorm.daliisolutions.com\/index.php\/wp-json\/wp\/v2\/posts"}],"about":[{"href":"https:\/\/serbenidorm.daliisolutions.com\/index.php\/wp-json\/wp\/v2\/types\/post"}],"replies":[{"embeddable":true,"href":"https:\/\/serbenidorm.daliisolutions.com\/index.php\/wp-json\/wp\/v2\/comments?post=13043"}],"version-history":[{"count":0,"href":"https:\/\/serbenidorm.daliisolutions.com\/index.php\/wp-json\/wp\/v2\/posts\/13043\/revisions"}],"wp:featuredmedia":[{"embeddable":true,"href":"https:\/\/serbenidorm.daliisolutions.com\/index.php\/wp-json\/wp\/v2\/media\/13044"}],"wp:attachment":[{"href":"https:\/\/serbenidorm.daliisolutions.com\/index.php\/wp-json\/wp\/v2\/media?parent=13043"}],"wp:term":[{"taxonomy":"category","embeddable":true,"href":"https:\/\/serbenidorm.daliisolutions.com\/index.php\/wp-json\/wp\/v2\/categories?post=13043"},{"taxonomy":"post_tag","embeddable":true,"href":"https:\/\/serbenidorm.daliisolutions.com\/index.php\/wp-json\/wp\/v2\/tags?post=13043"}],"curies":[{"name":"wp","href":"https:\/\/api.w.org\/{rel}","templated":true}]}}