{"id":13045,"date":"2025-02-17T18:34:22","date_gmt":"2025-02-17T17:34:22","guid":{"rendered":"https:\/\/serbenidorm.daliisolutions.com\/index.php\/2025\/02\/17\/reabren-los-puntos-accesibles-de-las-playas-de-benidorm-en-2024-dieron-servicio-a-mas-de-18-500-usuarios\/"},"modified":"2025-02-17T18:34:22","modified_gmt":"2025-02-17T17:34:22","slug":"reabren-los-puntos-accesibles-de-las-playas-de-benidorm-en-2024-dieron-servicio-a-mas-de-18-500-usuarios","status":"publish","type":"post","link":"https:\/\/serbenidorm.daliisolutions.com\/index.php\/2025\/02\/17\/reabren-los-puntos-accesibles-de-las-playas-de-benidorm-en-2024-dieron-servicio-a-mas-de-18-500-usuarios\/","title":{"rendered":"Reabren los puntos accesibles de las playas de Benidorm: en 2024 dieron servicio a m\u00e1s de 18.500 usuarios"},"content":{"rendered":"  <p><div data-adtype=\"MLDB\"><\/div><\/p>   <p>Benidorm<\/p>   <p>M\u00e1s de 18.500 personas con movilidad reducida disfrutaron el a\u00f1o pasado de las playas accesibles de Benidorm, un servicio de referencia consolidado en esta ciudad tur\u00edstica, seg\u00fan las estad\u00edsticas de la Concejal\u00eda de Playas.<\/p>   <p>Precisamente, este servicio se ha reactivado el pasado s\u00e1bado, despu\u00e9s de un par\u00f3n de un mes en el que el ayuntamiento ha aprovechado la baja afluencia de gente a las playas para realizar una limpieza intensiva de los arenales.<\/p>   <p>Benidorm tiene operativos tres puntos de playas accesibles: <a href=\"https:\/\/cadenaser.com\/tag\/benidorm\/a\/\" target=\"_blank\">uno en Levante, a la altura de la calle Murcia, y otros dos en Poniente, que se ubican en la zona de La Cala, frente a la avenida Mont Benidorm, y junto al Parque de Elche<\/a>.<\/p>   <p>Estos tres espacios dieron servicio durante 2024 a un total de 18.563 usuarios, siendo el punto del Parque de Elche el que m\u00e1s actividad registr\u00f3, con un total de 9.811 ba\u00f1istas, seguido del de Levante, con 6.531, y el de La Cala, con 2.221.<\/p>   <p>Seg\u00fan la edil de Playas, M\u00f3nica G\u00f3mez, \u201cdurante los meses de temporada alta pasaron por los puntos de playas accesibles una media de m\u00e1s de 2.500 personas al mes\u201d, alcanzando picos de hasta 2.840 y 2.836 usuarios durante junio y julio y de 2.628 en agosto.<\/p>   <p>     .c-w{         max-width:444px;         width:100%;         margin:32px auto;      background:#00755E;         border-radius:4px;         display:flex;         align-items:center;         justify-content:center;     }     .c-w a{         display:flex;         align-items:center;         justify-content:center;         padding:4px 24px;     }     .c-w img{         width:24px;         margin-right:12px;     }     .c-w p{         font:18px\/25px Poppins;         text-align:center;         color:#fff;         margin:0;     }     @media (max-width:444px){         .c-w a{             padding:4px 12px;         }         .c-w img{             width:24px;             margin-right:8px;         }         .c-w p{             font:14px\/25px Poppins;         }     }     @media (max-width:335px){         .c-w p{             font:13px\/25px Poppins;         }     }  <div class=\"c-w\">     <a href=\"https:\/\/www.whatsapp.com\/channel\/0029Va633PF9WtC4l7XUzh1e\" rel=\"nofollow\" target=\"_blank\">         <img decoding=\"async\" src=\"https:\/\/cadenaser.com\/estaticos\/recursosgraficos\/responsive\/img\/ico-whatsapp.svg\" alt=\"Whatsapp\">         <p>\u00danete al <b>canal de WhatsApp<\/b> de la SER<\/p>     <\/a> <\/div><\/p>   <p>G\u00f3mez ha resaltado que, en temporada baja, \u201cla demanda de este servicio es constante y sostenida\u201d, y ha concretado que en meses como enero y febrero, periodo en el que el servicio se reduce a 15 d\u00edas por mes, \u201cse superaron los 500 usuarios\u201d, mientras que \u201cnoviembre y diciembre contabilizaron 1.035 y 994, respectivamente. <\/p> ","protected":false},"excerpt":{"rendered":"<p>Dos en Poniente y uno en Levante<\/p>\n","protected":false},"author":0,"featured_media":13046,"comment_status":"open","ping_status":"open","sticky":false,"template":"","format":"standard","meta":{"_acf_changed":false,"footnotes":""},"categories":[1],"tags":[],"class_list":["post-13045","post","type-post","status-publish","format-standard","has-post-thumbnail","hentry","category-sin-categoria"],"acf":{"ser_id":"DWHVNFPYPJBOVJ2AIQWEUIZOZY","ser_url":"https:\/\/cadenaser.com\/comunitat-valenciana\/2025\/02\/17\/reabren-los-puntos-accesibles-de-las-playas-de-benidorm-en-2024-dieron-servicio-a-mas-de-18500-usuarios-radio-benidorm\/"},"_links":{"self":[{"href":"https:\/\/serbenidorm.daliisolutions.com\/index.php\/wp-json\/wp\/v2\/posts\/13045","targetHints":{"allow":["GET"]}}],"collection":[{"href":"https:\/\/serbenidorm.daliisolutions.com\/index.php\/wp-json\/wp\/v2\/posts"}],"about":[{"href":"https:\/\/serbenidorm.daliisolutions.com\/index.php\/wp-json\/wp\/v2\/types\/post"}],"replies":[{"embeddable":true,"href":"https:\/\/serbenidorm.daliisolutions.com\/index.php\/wp-json\/wp\/v2\/comments?post=13045"}],"version-history":[{"count":0,"href":"https:\/\/serbenidorm.daliisolutions.com\/index.php\/wp-json\/wp\/v2\/posts\/13045\/revisions"}],"wp:featuredmedia":[{"embeddable":true,"href":"https:\/\/serbenidorm.daliisolutions.com\/index.php\/wp-json\/wp\/v2\/media\/13046"}],"wp:attachment":[{"href":"https:\/\/serbenidorm.daliisolutions.com\/index.php\/wp-json\/wp\/v2\/media?parent=13045"}],"wp:term":[{"taxonomy":"category","embeddable":true,"href":"https:\/\/serbenidorm.daliisolutions.com\/index.php\/wp-json\/wp\/v2\/categories?post=13045"},{"taxonomy":"post_tag","embeddable":true,"href":"https:\/\/serbenidorm.daliisolutions.com\/index.php\/wp-json\/wp\/v2\/tags?post=13045"}],"curies":[{"name":"wp","href":"https:\/\/api.w.org\/{rel}","templated":true}]}}