{"id":13057,"date":"2025-02-18T14:09:39","date_gmt":"2025-02-18T13:09:39","guid":{"rendered":"https:\/\/serbenidorm.daliisolutions.com\/index.php\/2025\/02\/18\/rescatada-en-bolulla-una-senderista-de-73-anos-tras-una-caida-en-el-pr-cv-49\/"},"modified":"2025-02-18T14:09:39","modified_gmt":"2025-02-18T13:09:39","slug":"rescatada-en-bolulla-una-senderista-de-73-anos-tras-una-caida-en-el-pr-cv-49","status":"publish","type":"post","link":"https:\/\/serbenidorm.daliisolutions.com\/index.php\/2025\/02\/18\/rescatada-en-bolulla-una-senderista-de-73-anos-tras-una-caida-en-el-pr-cv-49\/","title":{"rendered":"Rescatada en Bolulla una senderista de 73 a\u00f1os tras una ca\u00edda en el PR-CV 49"},"content":{"rendered":"  <p><div data-adtype=\"MLDB\"><\/div><\/p>   <p>Bolulla<\/p>   <p>Efectivos del Consorcio Provincial de Bomberos han rescatado en la tarde de ayer a una mujer de 73 a\u00f1os que sufri\u00f3 una grave lesi\u00f3n de tobillo mientras realizaba una ruta de senderismo en el sendero PR-CV 49, en Bolulla. La accidentada no pudo continuar su recorrido debido al fuerte dolor y a la imposibilidad de apoyar el pie afectado, lo que motiv\u00f3 la llamada de emergencia a las 16:12 horas.<\/p>   <p>Tras recibir el aviso, el equipo de rescate se desplaz\u00f3 r\u00e1pidamente hasta la zona, donde localiz\u00f3 a la senderista en un tramo de dif\u00edcil acceso. La operaci\u00f3n requiri\u00f3 una actuaci\u00f3n meticulosa debido a la orograf\u00eda del terreno y a las condiciones de la senda, que presentaba desniveles pronunciados. Los bomberos procedieron a inmovilizar el tobillo lesionado colocando una f\u00e9rula con el objetivo de estabilizar el miembro afectado y evitar posibles complicaciones.<\/p>   <p>A continuaci\u00f3n, la mujer fue asegurada en una camilla especial dise\u00f1ada para rescates de alta monta\u00f1a. El equipo inici\u00f3 el porteo de la camilla a pie por la senda hasta la base, un trayecto que exigi\u00f3 gran coordinaci\u00f3n y esfuerzo por parte del operativo debido a la complejidad del terreno. Una vez en la zona base, la herida fue transferida a los T\u00e9cnicos Sanitarios desplazados al lugar en una Ambulancia SVB (Soporte Vital B\u00e1sico), donde recibi\u00f3 atenci\u00f3n m\u00e9dica antes de su traslado a un centro hospitalario.<\/p>   <p>En el rescate participaron dos veh\u00edculos FSV (Furgones de Salvamentos Varios) del parque de bomberos de Benidorm, con un equipo formado por un sargento, un cabo y tres bomberos. La profesionalidad y rapidez de los servicios de emergencia fueron clave para garantizar la seguridad y el bienestar de la senderista accidentada.La intervenci\u00f3n se prolong\u00f3 hasta las 17:53 horas<\/p>   <p>Este incidente vuelve a poner de manifiesto la importancia de extremar las precauciones al realizar actividades de monta\u00f1a, especialmente en rutas con tramos escarpados y de dif\u00edcil acceso. Desde el Consorcio Provincial de Bomberos de Alicante se recuerda la necesidad de llevar el equipo adecuado, as\u00ed como de informar siempre a alguien del recorrido previsto y llevar un dispositivo de comunicaci\u00f3n para solicitar ayuda en caso de emergencia.<\/p>   <p>     .c-w{         max-width:444px;         width:100%;         margin:32px auto;      background:#00755E;         border-radius:4px;         display:flex;         align-items:center;         justify-content:center;     }     .c-w a{         display:flex;         align-items:center;         justify-content:center;         padding:4px 24px;     }     .c-w img{         width:24px;         margin-right:12px;     }     .c-w p{         font:18px\/25px Poppins;         text-align:center;         color:#fff;         margin:0;     }     @media (max-width:444px){         .c-w a{             padding:4px 12px;         }         .c-w img{             width:24px;             margin-right:8px;         }         .c-w p{             font:14px\/25px Poppins;         }     }     @media (max-width:335px){         .c-w p{             font:13px\/25px Poppins;         }     }  <div class=\"c-w\">     <a href=\"https:\/\/www.whatsapp.com\/channel\/0029Va633PF9WtC4l7XUzh1e\" rel=\"nofollow\" target=\"_blank\">         <img decoding=\"async\" src=\"https:\/\/cadenaser.com\/estaticos\/recursosgraficos\/responsive\/img\/ico-whatsapp.svg\" alt=\"Whatsapp\">         <p>\u00danete al <b>canal de WhatsApp<\/b> de la SER<\/p>     <\/a> <\/div><\/p> ","protected":false},"excerpt":{"rendered":"<p>Los bomberos de Benidorm auxiliaron a la mujer, que sufri\u00f3 una grave lesi\u00f3n de tobillo mientras hac\u00eda senderismo. Fue inmovilizada y trasladada en camilla por una ruta de dif\u00edcil acceso<\/p>\n","protected":false},"author":0,"featured_media":13058,"comment_status":"open","ping_status":"open","sticky":false,"template":"","format":"standard","meta":{"_acf_changed":false,"footnotes":""},"categories":[1],"tags":[],"class_list":["post-13057","post","type-post","status-publish","format-standard","has-post-thumbnail","hentry","category-sin-categoria"],"acf":{"ser_id":"465WDB6JBZBNLFSFL7KSIFHQYU","ser_url":"https:\/\/cadenaser.com\/comunitat-valenciana\/2025\/02\/18\/rescatada-en-bolulla-una-senderista-de-73-anos-tras-una-caida-en-el-pr-cv-49-radio-benidorm\/"},"_links":{"self":[{"href":"https:\/\/serbenidorm.daliisolutions.com\/index.php\/wp-json\/wp\/v2\/posts\/13057","targetHints":{"allow":["GET"]}}],"collection":[{"href":"https:\/\/serbenidorm.daliisolutions.com\/index.php\/wp-json\/wp\/v2\/posts"}],"about":[{"href":"https:\/\/serbenidorm.daliisolutions.com\/index.php\/wp-json\/wp\/v2\/types\/post"}],"replies":[{"embeddable":true,"href":"https:\/\/serbenidorm.daliisolutions.com\/index.php\/wp-json\/wp\/v2\/comments?post=13057"}],"version-history":[{"count":0,"href":"https:\/\/serbenidorm.daliisolutions.com\/index.php\/wp-json\/wp\/v2\/posts\/13057\/revisions"}],"wp:featuredmedia":[{"embeddable":true,"href":"https:\/\/serbenidorm.daliisolutions.com\/index.php\/wp-json\/wp\/v2\/media\/13058"}],"wp:attachment":[{"href":"https:\/\/serbenidorm.daliisolutions.com\/index.php\/wp-json\/wp\/v2\/media?parent=13057"}],"wp:term":[{"taxonomy":"category","embeddable":true,"href":"https:\/\/serbenidorm.daliisolutions.com\/index.php\/wp-json\/wp\/v2\/categories?post=13057"},{"taxonomy":"post_tag","embeddable":true,"href":"https:\/\/serbenidorm.daliisolutions.com\/index.php\/wp-json\/wp\/v2\/tags?post=13057"}],"curies":[{"name":"wp","href":"https:\/\/api.w.org\/{rel}","templated":true}]}}