{"id":13059,"date":"2025-02-18T14:09:40","date_gmt":"2025-02-18T13:09:40","guid":{"rendered":"https:\/\/serbenidorm.daliisolutions.com\/index.php\/2025\/02\/18\/dos-anos-de-carcel-por-violar-a-su-empleada-en-una-tienda-de-benidorm\/"},"modified":"2025-02-18T14:09:40","modified_gmt":"2025-02-18T13:09:40","slug":"dos-anos-de-carcel-por-violar-a-su-empleada-en-una-tienda-de-benidorm","status":"publish","type":"post","link":"https:\/\/serbenidorm.daliisolutions.com\/index.php\/2025\/02\/18\/dos-anos-de-carcel-por-violar-a-su-empleada-en-una-tienda-de-benidorm\/","title":{"rendered":"Dos a\u00f1os de c\u00e1rcel por violar a su empleada en una tienda de Benidorm"},"content":{"rendered":"  <p><div data-adtype=\"MLDB\"><\/div><\/p>   <p>Benidorm<\/p>   <p>Un hombre de 51 a\u00f1os y nacionalidad china ha sido condenado por la Audiencia de Alicante a dos a\u00f1os de prisi\u00f3n por violar a una empleada que trabajaba en la tienda de su propiedad, en la ciudad de Benidorm.<\/p>   <p>La agresi\u00f3n sexual tuvo lugar en torno a las 14.10 horas del 17 de marzo de 2022 en el mismo establecimiento, <a href=\"https:\/\/cadenaser.com\/tag\/benidorm\/a\/\" target=\"_blank\">cuando el encausado y la v\u00edctima se encontraban descansando en un sof\u00e1 situado en la trastienda del local<\/a>.<\/p>  <p><p>M\u00e1s informaci\u00f3n<\/p><figure><img loading=\"lazy\" decoding=\"async\" src=\"https:\/\/cadenaser.com\/resizer\/v2\/RTMGAOCMAND2DAV4LDMWWRZMOU.jpeg?auth=ebf65c94d62714674955720a48f284d7cdbe81f6aa6fe695d378bb8980d9d48b&amp;quality=70&amp;width=360&amp;height=202&amp;smart=true\" width=\"820\" height=\"621\" \/><\/figure><ul><li><a href=\"https:\/\/cadenaser.com\/comunitat-valenciana\/2025\/02\/13\/accidente-de-trafico-en-beniarda-los-bomberos-lo-consideran-un-milagro-radio-benidorm\/\"><span>Accidente de tr\u00e1fico en Beniard\u00e0: los bomberos lo consideran \u00abun milagro\u00bb<\/span><\/a><\/li><\/ul><\/p>   <p>La sentencia, dictada por un tribunal de la Secci\u00f3n Segunda, concreta que en ese momento el procesado se acerc\u00f3 a su empleada \u201ccon \u00e1nimo libidinoso\u201d y comenz\u00f3 a tocarle los pechos. <\/p>   <p>Ella le apart\u00f3 la mano inst\u00e1ndole a que depusiese su actitud, pero el acusado continu\u00f3 en su conducta en al menos seis ocasiones, seg\u00fan precisa la resoluci\u00f3n judicial, tras lo cual continu\u00f3 la agresi\u00f3n pese a que la v\u00edctima comenz\u00f3 a llorar y se qued\u00f3 paralizada por el miedo.<\/p>   <p>El procesado asumi\u00f3 en su integridad los hechos recogidos en el escrito de acusaci\u00f3n de la Fiscal\u00eda y reconoci\u00f3 la autor\u00eda del delito de agresi\u00f3n sexual, tras alcanzar un acuerdo de conformidad previo a la celebraci\u00f3n del juicio.<\/p>   <p>     .c-w{         max-width:444px;         width:100%;         margin:32px auto;      background:#00755E;         border-radius:4px;         display:flex;         align-items:center;         justify-content:center;     }     .c-w a{         display:flex;         align-items:center;         justify-content:center;         padding:4px 24px;     }     .c-w img{         width:24px;         margin-right:12px;     }     .c-w p{         font:18px\/25px Poppins;         text-align:center;         color:#fff;         margin:0;     }     @media (max-width:444px){         .c-w a{             padding:4px 12px;         }         .c-w img{             width:24px;             margin-right:8px;         }         .c-w p{             font:14px\/25px Poppins;         }     }     @media (max-width:335px){         .c-w p{             font:13px\/25px Poppins;         }     }  <div class=\"c-w\">     <a href=\"https:\/\/www.whatsapp.com\/channel\/0029Va633PF9WtC4l7XUzh1e\" rel=\"nofollow\" target=\"_blank\">         <img decoding=\"async\" src=\"https:\/\/cadenaser.com\/estaticos\/recursosgraficos\/responsive\/img\/ico-whatsapp.svg\" alt=\"Whatsapp\">         <p>\u00danete al <b>canal de WhatsApp<\/b> de la SER<\/p>     <\/a> <\/div><\/p>   <p>En virtud de ese acuerdo, el encausado deb\u00eda indemnizar a la v\u00edctima con la cantidad de 15.000 euros en compensaci\u00f3n por los da\u00f1os morales ocasionados. De ah\u00ed que la sentencia aplique la atenuante muy cualificada de reparaci\u00f3n del da\u00f1o con la consiguiente rebaja de la condena respecto a la solicitud de nueve a\u00f1os de privaci\u00f3n de libertad a los que se enfrentaba inicialmente.<\/p>   <p>En todo caso, adem\u00e1s de la pena de dos a\u00f1os de reclusi\u00f3n, la sentencia impone la medida de alejamiento respecto de la v\u00edctima por un tiempo de siete a\u00f1os a una distancia m\u00ednima de 500 metros. Y, por \u00faltimo, a\u00f1ade la medida de libertad vigilada por otros siete. <\/p> ","protected":false},"excerpt":{"rendered":"<p>El condenado asumi\u00f3 los hechos<\/p>\n","protected":false},"author":0,"featured_media":13060,"comment_status":"open","ping_status":"open","sticky":false,"template":"","format":"standard","meta":{"_acf_changed":false,"footnotes":""},"categories":[1],"tags":[],"class_list":["post-13059","post","type-post","status-publish","format-standard","has-post-thumbnail","hentry","category-sin-categoria"],"acf":{"ser_id":"ZUSXGY6Y4BFXZAJGON5PMM5ZNA","ser_url":"https:\/\/cadenaser.com\/comunitat-valenciana\/2025\/02\/18\/dos-anos-de-carcel-por-violar-a-su-empleada-en-una-tienda-de-benidorm-radio-benidorm\/"},"_links":{"self":[{"href":"https:\/\/serbenidorm.daliisolutions.com\/index.php\/wp-json\/wp\/v2\/posts\/13059","targetHints":{"allow":["GET"]}}],"collection":[{"href":"https:\/\/serbenidorm.daliisolutions.com\/index.php\/wp-json\/wp\/v2\/posts"}],"about":[{"href":"https:\/\/serbenidorm.daliisolutions.com\/index.php\/wp-json\/wp\/v2\/types\/post"}],"replies":[{"embeddable":true,"href":"https:\/\/serbenidorm.daliisolutions.com\/index.php\/wp-json\/wp\/v2\/comments?post=13059"}],"version-history":[{"count":0,"href":"https:\/\/serbenidorm.daliisolutions.com\/index.php\/wp-json\/wp\/v2\/posts\/13059\/revisions"}],"wp:featuredmedia":[{"embeddable":true,"href":"https:\/\/serbenidorm.daliisolutions.com\/index.php\/wp-json\/wp\/v2\/media\/13060"}],"wp:attachment":[{"href":"https:\/\/serbenidorm.daliisolutions.com\/index.php\/wp-json\/wp\/v2\/media?parent=13059"}],"wp:term":[{"taxonomy":"category","embeddable":true,"href":"https:\/\/serbenidorm.daliisolutions.com\/index.php\/wp-json\/wp\/v2\/categories?post=13059"},{"taxonomy":"post_tag","embeddable":true,"href":"https:\/\/serbenidorm.daliisolutions.com\/index.php\/wp-json\/wp\/v2\/tags?post=13059"}],"curies":[{"name":"wp","href":"https:\/\/api.w.org\/{rel}","templated":true}]}}