{"id":13072,"date":"2025-02-18T15:20:30","date_gmt":"2025-02-18T14:20:30","guid":{"rendered":"https:\/\/serbenidorm.daliisolutions.com\/index.php\/2025\/02\/18\/benidorm-propone-a-los-taxistas-reconvertir-licencias-pero-descarta-ampliar-el-numero-de-permisos\/"},"modified":"2025-02-18T15:20:30","modified_gmt":"2025-02-18T14:20:30","slug":"benidorm-propone-a-los-taxistas-reconvertir-licencias-pero-descarta-ampliar-el-numero-de-permisos","status":"publish","type":"post","link":"https:\/\/serbenidorm.daliisolutions.com\/index.php\/2025\/02\/18\/benidorm-propone-a-los-taxistas-reconvertir-licencias-pero-descarta-ampliar-el-numero-de-permisos\/","title":{"rendered":"Benidorm propone a los taxistas reconvertir licencias pero descarta ampliar el n\u00famero de permisos"},"content":{"rendered":"  <p><div data-adtype=\"MLDB\"><\/div><\/p>   <p>Benidorm<\/p>   <p>Reuni\u00f3n del Ayuntamiento con las tres asociaciones del sector en la ciudad: Radio Taxi, la Asociaci\u00f3n Sindical de Trabajadores del Taxi y la Asociaci\u00f3n Independiente de Aut\u00f3nomos del Taxi. El consistorio les ha propuesto este martes ampliar de 14 a 25 el n\u00famero de veh\u00edculos adaptados para as\u00ed mejorar la ratio actual.<\/p>   <p>Ese ha sido el titular del concejal de Movilidad Francis Mu\u00f1oz anticipando que los taxis que opten por la reconversi\u00f3n tendr\u00e1n \u201cun bonus horario\u201d. Sin embargo y<a href=\"https:\/\/cadenaser.com\/comunitat-valenciana\/2025\/02\/17\/radio-taxi-benidorm-se-opone-a-la-ampliacion-de-licencias-que-piden-los-conductores-asalariados-radio-benidorm\/\" target=\"_blank\"> en l\u00ednea con la postura que Radio Taxi ya adelant\u00f3 a Radio Benidorm<\/a>, el edil ha descartado dar nuevos permisos: \u00abBenidorm no est\u00e1 siempre al 100 %, no podemos negar que en una calle como Ruzafa hay a veces gente esperando, pero tambi\u00e9n nos encontramos un mes de enero en el que no hay colas\u00bb.<\/p>  <p><p>M\u00e1s informaci\u00f3n<\/p><figure><img loading=\"lazy\" decoding=\"async\" src=\"https:\/\/cadenaser.com\/resizer\/v2\/QUHDYDXAJZJJNE2WWJ6EMHFFSM.jpg?auth=f713948656e9474c2ec0e0e509db4ad38c2576c24f301f8f8830e8728bef178e&amp;quality=70&amp;width=360&amp;height=202&amp;smart=true\" width=\"820\" height=\"621\" \/><\/figure><ul><li><a href=\"https:\/\/cadenaser.com\/comunitat-valenciana\/2025\/02\/18\/dos-anos-de-carcel-por-violar-a-su-empleada-en-una-tienda-de-benidorm-radio-benidorm\/\"><span>Dos a\u00f1os de c\u00e1rcel por violar a su empleada en una tienda de Benidorm<\/span><\/a><\/li><\/ul><\/p>   <p>La asociaci\u00f3n de los conductores asalariados critica as\u00ed que no se ha atendido ninguna de sus demandas, centradas en ese aumento de licencias para reducir las esperas, y que tampoco se han concretado plazos para esas reconversiones.<\/p>   <p>Su portavoz, Manuel Ruiz, ha asegurado que continuar\u00e1n con esas protestas que les han llevado a concentrarse los \u00faltimos tres viernes frente al Ayuntamiento: \u00abLas intenciones que hay desde luego no parecen ir por el camino que nos hemos marcado\u00bb.<\/p>   <p>Movilidad insiste en que Benidorm cumple con el n\u00famero de licencias que establece la Ley valenciana por el numero de habitantes.<\/p>   <p>     .c-w{         max-width:444px;         width:100%;         margin:32px auto;      background:#00755E;         border-radius:4px;         display:flex;         align-items:center;         justify-content:center;     }     .c-w a{         display:flex;         align-items:center;         justify-content:center;         padding:4px 24px;     }     .c-w img{         width:24px;         margin-right:12px;     }     .c-w p{         font:18px\/25px Poppins;         text-align:center;         color:#fff;         margin:0;     }     @media (max-width:444px){         .c-w a{             padding:4px 12px;         }         .c-w img{             width:24px;             margin-right:8px;         }         .c-w p{             font:14px\/25px Poppins;         }     }     @media (max-width:335px){         .c-w p{             font:13px\/25px Poppins;         }     }  <div class=\"c-w\">     <a href=\"https:\/\/www.whatsapp.com\/channel\/0029Va633PF9WtC4l7XUzh1e\" rel=\"nofollow\" target=\"_blank\">         <img decoding=\"async\" src=\"https:\/\/cadenaser.com\/estaticos\/recursosgraficos\/responsive\/img\/ico-whatsapp.svg\" alt=\"Whatsapp\">         <p>\u00danete al <b>canal de WhatsApp<\/b> de la SER<\/p>     <\/a> <\/div><\/p> ","protected":false},"excerpt":{"rendered":"<p>El concejal de Movilidad ofrece al sector la posibilidad de reconvertir licencias para ampliar a 25 el n\u00famero de veh\u00edculos adaptados aunque no atiende la reivindicaci\u00f3n de los conductores de aumentar el n\u00famero de permisos para reducir las esperas<\/p>\n","protected":false},"author":0,"featured_media":13073,"comment_status":"open","ping_status":"open","sticky":false,"template":"","format":"standard","meta":{"_acf_changed":false,"footnotes":""},"categories":[1],"tags":[],"class_list":["post-13072","post","type-post","status-publish","format-standard","has-post-thumbnail","hentry","category-sin-categoria"],"acf":{"ser_id":"Z7E76NKQXJCKPP7SLNK26A6KJA","ser_url":"https:\/\/cadenaser.com\/comunitat-valenciana\/2025\/02\/18\/benidorm-propone-a-los-taxistas-reconvertir-licencias-para-vehiculos-adaptados-pero-descarta-ampliar-el-numero-de-permisos-radio-benidorm\/"},"_links":{"self":[{"href":"https:\/\/serbenidorm.daliisolutions.com\/index.php\/wp-json\/wp\/v2\/posts\/13072","targetHints":{"allow":["GET"]}}],"collection":[{"href":"https:\/\/serbenidorm.daliisolutions.com\/index.php\/wp-json\/wp\/v2\/posts"}],"about":[{"href":"https:\/\/serbenidorm.daliisolutions.com\/index.php\/wp-json\/wp\/v2\/types\/post"}],"replies":[{"embeddable":true,"href":"https:\/\/serbenidorm.daliisolutions.com\/index.php\/wp-json\/wp\/v2\/comments?post=13072"}],"version-history":[{"count":0,"href":"https:\/\/serbenidorm.daliisolutions.com\/index.php\/wp-json\/wp\/v2\/posts\/13072\/revisions"}],"wp:featuredmedia":[{"embeddable":true,"href":"https:\/\/serbenidorm.daliisolutions.com\/index.php\/wp-json\/wp\/v2\/media\/13073"}],"wp:attachment":[{"href":"https:\/\/serbenidorm.daliisolutions.com\/index.php\/wp-json\/wp\/v2\/media?parent=13072"}],"wp:term":[{"taxonomy":"category","embeddable":true,"href":"https:\/\/serbenidorm.daliisolutions.com\/index.php\/wp-json\/wp\/v2\/categories?post=13072"},{"taxonomy":"post_tag","embeddable":true,"href":"https:\/\/serbenidorm.daliisolutions.com\/index.php\/wp-json\/wp\/v2\/tags?post=13072"}],"curies":[{"name":"wp","href":"https:\/\/api.w.org\/{rel}","templated":true}]}}