{"id":13098,"date":"2025-02-19T13:11:36","date_gmt":"2025-02-19T12:11:36","guid":{"rendered":"https:\/\/serbenidorm.daliisolutions.com\/index.php\/2025\/02\/19\/la-policia-nacional-desmantela-en-benidorm-una-organizacion-criminal-15-detenidos-y-mas-de-400-telefonos-intervenidos\/"},"modified":"2025-02-19T13:11:36","modified_gmt":"2025-02-19T12:11:36","slug":"la-policia-nacional-desmantela-en-benidorm-una-organizacion-criminal-15-detenidos-y-mas-de-400-telefonos-intervenidos","status":"publish","type":"post","link":"https:\/\/serbenidorm.daliisolutions.com\/index.php\/2025\/02\/19\/la-policia-nacional-desmantela-en-benidorm-una-organizacion-criminal-15-detenidos-y-mas-de-400-telefonos-intervenidos\/","title":{"rendered":"La Polic\u00eda Nacional desmantela en Benidorm una organizaci\u00f3n criminal: 15 detenidos y m\u00e1s de 400 tel\u00e9fonos intervenidos"},"content":{"rendered":"  <p><div data-adtype=\"MLDB\"><\/div><\/p>   <p>Benidorm<\/p>   <p>La Polic\u00eda Nacional ha desarticulado en Benidorm una organizaci\u00f3n criminal involucrada en delitos de falsedad documental, blanqueo de capitales y delitos contra el patrimonio. Como resultado de esta operaci\u00f3n se ha procedido a la detenci\u00f3n de quince personas y se ha incautado <a href=\"https:\/\/cadenaser.com\/tag\/benidorm\/a\/\" target=\"_blank\">una importante cantidad de dispositivos electr\u00f3nicos, documentaci\u00f3n falsa y dinero en efectivo<\/a>.<\/p>   <p>Seg\u00fan ha informado el cuerpo en un comunicado la operaci\u00f3n comenz\u00f3 tras las denuncias de varios hechos ante la comisaria de la Polic\u00eda Nacional del distrito de Hortaleza (Madrid). Las primeras diligencias realizadas por los investigadores, dieron como resultado la identificaci\u00f3n del cabecilla. <\/p>  <p><p>M\u00e1s informaci\u00f3n<\/p><figure><img loading=\"lazy\" decoding=\"async\" src=\"https:\/\/cadenaser.com\/resizer\/v2\/QUHDYDXAJZJJNE2WWJ6EMHFFSM.jpg?auth=f713948656e9474c2ec0e0e509db4ad38c2576c24f301f8f8830e8728bef178e&amp;quality=70&amp;width=360&amp;height=202&amp;smart=true\" width=\"820\" height=\"621\" \/><\/figure><ul><li><a href=\"https:\/\/cadenaser.com\/comunitat-valenciana\/2025\/02\/18\/dos-anos-de-carcel-por-violar-a-su-empleada-en-una-tienda-de-benidorm-radio-benidorm\/\"><span>Dos a\u00f1os de c\u00e1rcel por violar a su empleada en una tienda de Benidorm<\/span><\/a><\/li><\/ul><\/p>   <p>Tambi\u00e9n sali\u00f3 a la luz el uso de una tarjeta SIM que hab\u00eda sido vinculada con 140 terminales m\u00f3viles sustra\u00eddos. En dicha tarjeta se recib\u00edan mensajes tipo SMS sobre transferencias realizadas a una cuenta bancaria sospechosas en Alemania.<\/p>   <p>El l\u00edder de la organizaci\u00f3n, un hombre de nacionalidad pakistan\u00ed, marcaba las directrices del grupo, organizaba la falsificaci\u00f3n de documentos y la liberaci\u00f3n de tel\u00e9fonos m\u00f3viles de gama alta, y coordinaba la obtenci\u00f3n de visados para ciudadanos extranjeros, principalmente pakistan\u00edes.<\/p>   <p>As\u00ed desbloquean los m\u00f3viles<\/p>   <p>Durante la investigaci\u00f3n, se detect\u00f3 que el l\u00edder de la organizaci\u00f3n recurr\u00eda a un servicio de <i>call center<\/i> para desbloquear tel\u00e9fonos m\u00f3viles sustra\u00eddos y obtener posiblemente claves bancarias. En un periodo de mes y medio, se le registraron 784 interacciones con este servicio.<\/p>   <p>     .c-w{         max-width:444px;         width:100%;         margin:32px auto;      background:#00755E;         border-radius:4px;         display:flex;         align-items:center;         justify-content:center;     }     .c-w a{         display:flex;         align-items:center;         justify-content:center;         padding:4px 24px;     }     .c-w img{         width:24px;         margin-right:12px;     }     .c-w p{         font:18px\/25px Poppins;         text-align:center;         color:#fff;         margin:0;     }     @media (max-width:444px){         .c-w a{             padding:4px 12px;         }         .c-w img{             width:24px;             margin-right:8px;         }         .c-w p{             font:14px\/25px Poppins;         }     }     @media (max-width:335px){         .c-w p{             font:13px\/25px Poppins;         }     }  <div class=\"c-w\">     <a href=\"https:\/\/www.whatsapp.com\/channel\/0029Va633PF9WtC4l7XUzh1e\" rel=\"nofollow\" target=\"_blank\">         <img decoding=\"async\" src=\"https:\/\/cadenaser.com\/estaticos\/recursosgraficos\/responsive\/img\/ico-whatsapp.svg\" alt=\"Whatsapp\">         <p>\u00danete al <b>canal de WhatsApp<\/b> de la SER<\/p>     <\/a> <\/div><\/p>   <p>La red tambi\u00e9n utilizaba varios locutorios en Benidorm para almacenar y dar salida a dispositivos sustra\u00eddos. En uno de ellos, los agentes detuvieron a una persona que portaba varios tel\u00e9fonos m\u00f3viles en las manos, uno de ellos denunciado como sustra\u00eddo.<\/p>   <p>Para evitar ser descubiertos por las inspecciones policiales que se realizan en locales comerciales, los domicilios de los implicados eran utilizados como puntos de almacenamiento y transformaci\u00f3n de los dispositivos. Adem\u00e1s, los miembros de la organizaci\u00f3n realizaban tareas de contravigilancia en las inmediaciones de los locales.<\/p>   <p>Fase operativa: detenciones y registros<\/p>   <p>La operaci\u00f3n culmin\u00f3 con seis registros realizados en dos domicilios y cuatro establecimientos comerciales en Benidorm. En total, se detuvo a quince personas, trece hombres y dos mujeres, de nacionalidades espa\u00f1ola, pakistan\u00ed y rusa, con edades comprendidas entre 19 y 61 a\u00f1os.  <\/p>   <p>Seis de los detenidos contaban con antecedentes policiales por diferentes hechos, y uno de ellos, se encontraba en situaci\u00f3n irregular en Espa\u00f1a.<\/p>   <p>En el operativo se incautaron 437 tel\u00e9fonos m\u00f3viles de diferentes gamas, tres ordenadores port\u00e1tiles, dos discos duros, treinta y cuatro pendrives, veinticinco pasaportes y diecis\u00e9is cartas de identidad de diferentes pa\u00edses, adem\u00e1s de 9.100 euros y 580 libras en efectivo.<\/p>   <p>Tres de los detenidos fueron puestos a disposici\u00f3n del Juzgado de Instrucci\u00f3n de guardia de Benidorm. Las diligencias contin\u00faan abiertas con el objetivo de localizar posibles c\u00f3mplices y esclarecer conexiones con otros delitos similares.<\/p> ","protected":false},"excerpt":{"rendered":"<p>Dedicada al blanqueo de capitales, falsedad documental y otros delitos contra el patrimonio <\/p>\n","protected":false},"author":0,"featured_media":13099,"comment_status":"open","ping_status":"open","sticky":false,"template":"","format":"standard","meta":{"_acf_changed":false,"footnotes":""},"categories":[1],"tags":[],"class_list":["post-13098","post","type-post","status-publish","format-standard","has-post-thumbnail","hentry","category-sin-categoria"],"acf":{"ser_id":"D5JKV6UIAZAKXPF2RHLWGZIW4A","ser_url":"https:\/\/cadenaser.com\/comunitat-valenciana\/2025\/02\/19\/la-policia-nacional-desmantela-en-benidorm-una-organizacion-criminal-15-detenidos-y-mas-de-400-telefonos-intervenidos-radio-benidorm\/"},"_links":{"self":[{"href":"https:\/\/serbenidorm.daliisolutions.com\/index.php\/wp-json\/wp\/v2\/posts\/13098","targetHints":{"allow":["GET"]}}],"collection":[{"href":"https:\/\/serbenidorm.daliisolutions.com\/index.php\/wp-json\/wp\/v2\/posts"}],"about":[{"href":"https:\/\/serbenidorm.daliisolutions.com\/index.php\/wp-json\/wp\/v2\/types\/post"}],"replies":[{"embeddable":true,"href":"https:\/\/serbenidorm.daliisolutions.com\/index.php\/wp-json\/wp\/v2\/comments?post=13098"}],"version-history":[{"count":0,"href":"https:\/\/serbenidorm.daliisolutions.com\/index.php\/wp-json\/wp\/v2\/posts\/13098\/revisions"}],"wp:featuredmedia":[{"embeddable":true,"href":"https:\/\/serbenidorm.daliisolutions.com\/index.php\/wp-json\/wp\/v2\/media\/13099"}],"wp:attachment":[{"href":"https:\/\/serbenidorm.daliisolutions.com\/index.php\/wp-json\/wp\/v2\/media?parent=13098"}],"wp:term":[{"taxonomy":"category","embeddable":true,"href":"https:\/\/serbenidorm.daliisolutions.com\/index.php\/wp-json\/wp\/v2\/categories?post=13098"},{"taxonomy":"post_tag","embeddable":true,"href":"https:\/\/serbenidorm.daliisolutions.com\/index.php\/wp-json\/wp\/v2\/tags?post=13098"}],"curies":[{"name":"wp","href":"https:\/\/api.w.org\/{rel}","templated":true}]}}