{"id":13120,"date":"2025-02-19T18:35:26","date_gmt":"2025-02-19T17:35:26","guid":{"rendered":"https:\/\/serbenidorm.daliisolutions.com\/index.php\/2025\/02\/19\/el-psoe-de-benidorm-denuncia-el-retraso-de-las-obras-del-nuevo-centro-de-salud-del-rincon\/"},"modified":"2025-02-19T18:35:26","modified_gmt":"2025-02-19T17:35:26","slug":"el-psoe-de-benidorm-denuncia-el-retraso-de-las-obras-del-nuevo-centro-de-salud-del-rincon","status":"publish","type":"post","link":"https:\/\/serbenidorm.daliisolutions.com\/index.php\/2025\/02\/19\/el-psoe-de-benidorm-denuncia-el-retraso-de-las-obras-del-nuevo-centro-de-salud-del-rincon\/","title":{"rendered":"El PSOE de Benidorm denuncia el retraso de las obras del nuevo centro de salud del Rinc\u00f3n"},"content":{"rendered":"  <p><div data-adtype=\"MLDB\"><\/div><\/p>   <p>Benidorm<\/p>   <p>La oposici\u00f3n del PSOE en el Ayuntamiento de Benidorm ha criticado este jueves el retraso en la ejecuci\u00f3n de las obras de construcci\u00f3n del nuevo\u00a0centro\u00a0de\u00a0salud\u00a0del<a href=\"https:\/\/cadenaser.com\/tag\/benidorm\/a\/\" target=\"_blank\"> Rinc\u00f3n de Loix<\/a>. <\/p>   <p>La portavoz socialista Cristina Escoda ha lamentado que el conseller de Sanidad Marciano G\u00f3mez no se pronunciase ayer, durante su visita a la ciudad para presentar un nuevo sistema de dispensaci\u00f3n de medicamentos, sobre la fecha estimada de finalizaci\u00f3n de los trabajos y de la puesta en funcionamiento de este nuevo centro salud tan esperado. <\/p>  <p><p>M\u00e1s informaci\u00f3n<\/p><figure><img loading=\"lazy\" decoding=\"async\" src=\"https:\/\/cadenaser.com\/resizer\/v2\/5FX3NHIZLJGYBO4BHATRZJUE5Y.jpg?auth=35cbc03eeff5372461c25a9a8e099b8e5a4045b1f4968a1f3793703e0c5c2367&amp;quality=70&amp;width=360&amp;height=202&amp;smart=true\" width=\"820\" height=\"621\" \/><\/figure><ul><li><a href=\"https:\/\/cadenaser.com\/comunitat-valenciana\/2025\/02\/19\/la-policia-nacional-desmantela-en-benidorm-una-organizacion-criminal-15-detenidos-y-mas-de-400-telefonos-intervenidos-radio-benidorm\/\"><span>La Polic\u00eda Nacional desmantela en Benidorm una organizaci\u00f3n criminal: 15 detenidos y m\u00e1s de 400 tel\u00e9fonos intervenidos<\/span><\/a><\/li><\/ul><\/p>   <p>\u00abEchamos en falta ayer esa actitud reivindicativa que ten\u00eda el alcalde hasta mayo de 2023 con el Consell. Un alcalde al que, por cierto, no se le escuch\u00f3 decir ni una palabra y, menos a\u00fan, ninguna exigencia para que se terminen los trabajos cuanto antes\u00bb, ha afirmado.<\/p>   <p>Escoda ha recordado que, con una inversi\u00f3n inicial de 4,7 millones de euros, este nuevo\u00a0centro\u00a0de\u00a0salud que va a sustituir al consultorio auxiliar del Rinc\u00f3n comenz\u00f3 a construirse en la calle Zamora bajo el gobierno de Ximo Puig en la Generalitat a finales de 2022.<\/p>   <p>Meses de paralizaci\u00f3n<\/p>   <p>La portavoz ha insistido en que la obra estuvo paralizada durante varios meses, lo que llev\u00f3 a los socialistas de Benidorm a denunciar la situaci\u00f3n en junio del a\u00f1o pasado. As\u00ed, ha se\u00f1alado que durante ese tiempo \u00abno se vio ni la maquinaria trabajar ni a un solo operario por la parcela y que, frente a esta situaci\u00f3n, tanto el gobierno local como el auton\u00f3mico del PP se dedicaron a lanzar evasivas alegando cambios en el proyecto o problemas con un centro de transformaci\u00f3n\u00bb.<\/p>   <p>     .c-w{         max-width:444px;         width:100%;         margin:32px auto;      background:#00755E;         border-radius:4px;         display:flex;         align-items:center;         justify-content:center;     }     .c-w a{         display:flex;         align-items:center;         justify-content:center;         padding:4px 24px;     }     .c-w img{         width:24px;         margin-right:12px;     }     .c-w p{         font:18px\/25px Poppins;         text-align:center;         color:#fff;         margin:0;     }     @media (max-width:444px){         .c-w a{             padding:4px 12px;         }         .c-w img{             width:24px;             margin-right:8px;         }         .c-w p{             font:14px\/25px Poppins;         }     }     @media (max-width:335px){         .c-w p{             font:13px\/25px Poppins;         }     }  <div class=\"c-w\">     <a href=\"https:\/\/www.whatsapp.com\/channel\/0029Va633PF9WtC4l7XUzh1e\" rel=\"nofollow\" target=\"_blank\">         <img decoding=\"async\" src=\"https:\/\/cadenaser.com\/estaticos\/recursosgraficos\/responsive\/img\/ico-whatsapp.svg\" alt=\"Whatsapp\">         <p>\u00danete al <b>canal de WhatsApp<\/b> de la SER<\/p>     <\/a> <\/div><\/p> ","protected":false},"excerpt":{"rendered":"<p>Cristina Escoda critica que el conseller de Sanidad visitase ayer la ciudad y no diese una fecha estimada para su puesta en funcionamiento<\/p>\n","protected":false},"author":0,"featured_media":13121,"comment_status":"open","ping_status":"open","sticky":false,"template":"","format":"standard","meta":{"_acf_changed":false,"footnotes":""},"categories":[1],"tags":[],"class_list":["post-13120","post","type-post","status-publish","format-standard","has-post-thumbnail","hentry","category-sin-categoria"],"acf":{"ser_id":"64BFGMPCMFFURJ3EXKPPLG2QFE","ser_url":"https:\/\/cadenaser.com\/comunitat-valenciana\/2025\/02\/19\/el-psoe-de-benidorm-denuncia-el-retraso-de-las-obras-del-nuevo-centro-de-salud-del-rincon-radio-benidorm\/"},"_links":{"self":[{"href":"https:\/\/serbenidorm.daliisolutions.com\/index.php\/wp-json\/wp\/v2\/posts\/13120","targetHints":{"allow":["GET"]}}],"collection":[{"href":"https:\/\/serbenidorm.daliisolutions.com\/index.php\/wp-json\/wp\/v2\/posts"}],"about":[{"href":"https:\/\/serbenidorm.daliisolutions.com\/index.php\/wp-json\/wp\/v2\/types\/post"}],"replies":[{"embeddable":true,"href":"https:\/\/serbenidorm.daliisolutions.com\/index.php\/wp-json\/wp\/v2\/comments?post=13120"}],"version-history":[{"count":0,"href":"https:\/\/serbenidorm.daliisolutions.com\/index.php\/wp-json\/wp\/v2\/posts\/13120\/revisions"}],"wp:featuredmedia":[{"embeddable":true,"href":"https:\/\/serbenidorm.daliisolutions.com\/index.php\/wp-json\/wp\/v2\/media\/13121"}],"wp:attachment":[{"href":"https:\/\/serbenidorm.daliisolutions.com\/index.php\/wp-json\/wp\/v2\/media?parent=13120"}],"wp:term":[{"taxonomy":"category","embeddable":true,"href":"https:\/\/serbenidorm.daliisolutions.com\/index.php\/wp-json\/wp\/v2\/categories?post=13120"},{"taxonomy":"post_tag","embeddable":true,"href":"https:\/\/serbenidorm.daliisolutions.com\/index.php\/wp-json\/wp\/v2\/tags?post=13120"}],"curies":[{"name":"wp","href":"https:\/\/api.w.org\/{rel}","templated":true}]}}