{"id":13155,"date":"2025-02-21T07:54:52","date_gmt":"2025-02-21T06:54:52","guid":{"rendered":"https:\/\/serbenidorm.daliisolutions.com\/index.php\/2025\/02\/21\/benidorm-ya-exhibe-en-la-plaza-triangular-el-distintivo-pionero-verde-2025-de-la-comision-europea\/"},"modified":"2025-02-21T07:54:52","modified_gmt":"2025-02-21T06:54:52","slug":"benidorm-ya-exhibe-en-la-plaza-triangular-el-distintivo-pionero-verde-2025-de-la-comision-europea","status":"publish","type":"post","link":"https:\/\/serbenidorm.daliisolutions.com\/index.php\/2025\/02\/21\/benidorm-ya-exhibe-en-la-plaza-triangular-el-distintivo-pionero-verde-2025-de-la-comision-europea\/","title":{"rendered":"Benidorm ya exhibe en la plaza Triangular el distintivo Pionero Verde 2025 de la Comisi\u00f3n Europea"},"content":{"rendered":"  <p><div data-adtype=\"MLDB\"><\/div><\/p>   <p>Benidorm<\/p>   <p>La Comisi\u00f3n Europea ha hecho entrega hoy a Benidorm del distintivo Pionero Verde 2025 que lo reconoce como un destino tur\u00edstico inteligente y referente en sostenibilidad.<\/p>   <p><a href=\"https:\/\/cadenaser.com\/tag\/benidorm\/a\/\" target=\"_blank\">El acto de entrega del distintivo ha tenido lugar en la Plaza de la Hispanidad de manos de Andrea Staicu, responsable del sector tur\u00edstico de la Comisi\u00f3n Europea, y ha sido el alcalde, Toni P\u00e9rez, el encargado de recibirlo<\/a>.<\/p>   <p>En este mismo enclave, uno de los m\u00e1s transitados de la ciudad y ubicado en pleno centro, se ha colocado una escultura conmemorativa de este reconocimiento que marcar\u00e1 las acciones divulgativas de la ciudad durante todo este a\u00f1o. En los pr\u00f3ximos meses se realizar\u00e1n varios \u2018workshops\u2019 y eventos para divulgar la sostenibilidad de su modelo tur\u00edstico.<\/p>  <p><p>M\u00e1s informaci\u00f3n<\/p><figure><img loading=\"lazy\" decoding=\"async\" src=\"https:\/\/cadenaser.com\/resizer\/v2\/6OGXEVQWLJCHDJLC6R256R5VNE.jpg?auth=5df9d2ece4be58461a6d91fde43c8d79c5915ba312cef766bd14befaf05b8de6&amp;quality=70&amp;width=360&amp;height=202&amp;smart=true\" width=\"820\" height=\"621\" \/><\/figure><ul><li><a href=\"https:\/\/cadenaser.com\/comunitat-valenciana\/2025\/02\/20\/benidorm-premiara-a-los-lectores-que-mas-utilicen-el-servicio-de-prestamo-de-la-biblioteca-central-radio-benidorm\/\"><span>Benidorm premiar\u00e1 a los lectores que m\u00e1s utilicen el servicio de pr\u00e9stamo de la Biblioteca Central<\/span><\/a><\/li><\/ul><\/p>   <p>Durante el acto, P\u00e9rez ha destacado que el premio Pionero Verde \u201cpone en valor nuestro compromiso excepcional para dar forma al futuro del turismo sostenible e innovador y refrenda la apuesta que iniciamos en 2015 en favor de la sostenibilidad y del turismo inteligente\u201d.<\/p>   <p>Por su parte, Staicu ha reconocido \u201cel compromiso de Benidorm con la sostenibilidad\u201d y ha se\u00f1alado a la ciudad como un destino \u201ca la vanguardia de la adaptaci\u00f3n al cambio clim\u00e1tico y que destaca por su gesti\u00f3n inteligente del agua y la energ\u00eda\u201d. Todo ello, \u201cposiciona a la ciudad como un gran ejemplo para otros destinos costeros, compartiendo soluciones con ciudades que enfrentan problemas similares\u201d.<\/p>   <p>     .c-w{         max-width:444px;         width:100%;         margin:32px auto;      background:#00755E;         border-radius:4px;         display:flex;         align-items:center;         justify-content:center;     }     .c-w a{         display:flex;         align-items:center;         justify-content:center;         padding:4px 24px;     }     .c-w img{         width:24px;         margin-right:12px;     }     .c-w p{         font:18px\/25px Poppins;         text-align:center;         color:#fff;         margin:0;     }     @media (max-width:444px){         .c-w a{             padding:4px 12px;         }         .c-w img{             width:24px;             margin-right:8px;         }         .c-w p{             font:14px\/25px Poppins;         }     }     @media (max-width:335px){         .c-w p{             font:13px\/25px Poppins;         }     }  <div class=\"c-w\">     <a href=\"https:\/\/www.whatsapp.com\/channel\/0029Va633PF9WtC4l7XUzh1e\" rel=\"nofollow\" target=\"_blank\">         <img decoding=\"async\" src=\"https:\/\/cadenaser.com\/estaticos\/recursosgraficos\/responsive\/img\/ico-whatsapp.svg\" alt=\"Whatsapp\">         <p>\u00danete al <b>canal de WhatsApp<\/b> de la SER<\/p>     <\/a> <\/div><\/p>   <p>Benidorm fue distinguido con este premio el pasado 27 de noviembre en Bruselas cuando se impuso al resto de ciudades europeas que hab\u00edan sido seleccionadas como finalistas: Aveiro (Portugal), Jurmala (Letonia), Liep\u00e3ja (Letonia), Nea Propontida (Grecia), Panev\u00e9zys (Lituania) y Sliven (Bulgaria).<\/p> ","protected":false},"excerpt":{"rendered":"<p>En los pr\u00f3ximos meses se realizar\u00e1n varios \u2018workshops\u2019 y eventos para divulgar la sostenibilidad de su modelo tur\u00edstico<\/p>\n","protected":false},"author":0,"featured_media":13156,"comment_status":"open","ping_status":"open","sticky":false,"template":"","format":"standard","meta":{"_acf_changed":false,"footnotes":""},"categories":[1],"tags":[],"class_list":["post-13155","post","type-post","status-publish","format-standard","has-post-thumbnail","hentry","category-sin-categoria"],"acf":{"ser_id":"GAAFE6RZCVCMVEYFKJX6HTGE5Y","ser_url":"https:\/\/cadenaser.com\/comunitat-valenciana\/2025\/02\/20\/benidorm-ya-exhibe-en-la-plaza-triangular-el-distintivo-pionero-verde-2025-de-la-comision-europea-radio-benidorm\/"},"_links":{"self":[{"href":"https:\/\/serbenidorm.daliisolutions.com\/index.php\/wp-json\/wp\/v2\/posts\/13155","targetHints":{"allow":["GET"]}}],"collection":[{"href":"https:\/\/serbenidorm.daliisolutions.com\/index.php\/wp-json\/wp\/v2\/posts"}],"about":[{"href":"https:\/\/serbenidorm.daliisolutions.com\/index.php\/wp-json\/wp\/v2\/types\/post"}],"replies":[{"embeddable":true,"href":"https:\/\/serbenidorm.daliisolutions.com\/index.php\/wp-json\/wp\/v2\/comments?post=13155"}],"version-history":[{"count":0,"href":"https:\/\/serbenidorm.daliisolutions.com\/index.php\/wp-json\/wp\/v2\/posts\/13155\/revisions"}],"wp:featuredmedia":[{"embeddable":true,"href":"https:\/\/serbenidorm.daliisolutions.com\/index.php\/wp-json\/wp\/v2\/media\/13156"}],"wp:attachment":[{"href":"https:\/\/serbenidorm.daliisolutions.com\/index.php\/wp-json\/wp\/v2\/media?parent=13155"}],"wp:term":[{"taxonomy":"category","embeddable":true,"href":"https:\/\/serbenidorm.daliisolutions.com\/index.php\/wp-json\/wp\/v2\/categories?post=13155"},{"taxonomy":"post_tag","embeddable":true,"href":"https:\/\/serbenidorm.daliisolutions.com\/index.php\/wp-json\/wp\/v2\/tags?post=13155"}],"curies":[{"name":"wp","href":"https:\/\/api.w.org\/{rel}","templated":true}]}}