{"id":13157,"date":"2025-02-21T07:54:54","date_gmt":"2025-02-21T06:54:54","guid":{"rendered":"https:\/\/serbenidorm.daliisolutions.com\/index.php\/2025\/02\/21\/benidorm-premiara-a-los-lectores-que-mas-utilicen-el-servicio-de-prestamo-de-la-biblioteca-central\/"},"modified":"2025-02-21T07:54:54","modified_gmt":"2025-02-21T06:54:54","slug":"benidorm-premiara-a-los-lectores-que-mas-utilicen-el-servicio-de-prestamo-de-la-biblioteca-central","status":"publish","type":"post","link":"https:\/\/serbenidorm.daliisolutions.com\/index.php\/2025\/02\/21\/benidorm-premiara-a-los-lectores-que-mas-utilicen-el-servicio-de-prestamo-de-la-biblioteca-central\/","title":{"rendered":"Benidorm premiar\u00e1 a los lectores que m\u00e1s utilicen el servicio de pr\u00e9stamo de la Biblioteca Central"},"content":{"rendered":"  <p><div data-adtype=\"MLDB\"><\/div><\/p>   <p>Benidorm<\/p>   <p>Benidorm ha lanzado \u201cun reto lector\u201d para ni\u00f1os y adultos que premiar\u00e1 a quienes m\u00e1s lean desde ahora hasta septiembre. Una iniciativa de la Concejal\u00eda de Patrimonio Hist\u00f3rico y Cultural junto a la Biblioteca Central de Benidorm que se encargar\u00e1 de prestar los libros y contabilizar los servicios de pr\u00e9stamos que vayan requiriendo los participantes.<\/p>   <p>La campa\u00f1a \u2018Si lees mucho, tienes premio\u2019, pretende tal y como ha explicado en <a href=\"https:\/\/radiobenidorm.es\" target=\"_blank\" rel=\"nofollow\" title=\"https:\/\/radiobenidorm.es\">Hoy por Hoy Benidorm<\/a>, la edil del \u00e1rea, Ana Pellicer, \u201cfomentar la lectura, pero tambi\u00e9n promover iniciativas del tejido asociativo de Benidorm\u201d, puesto los ganadores recibir\u00e1n \u201cun obsequio \u00fanico realizado por entidades sociales de la ciudad\u201d.<\/p>   <p>Para participar en el reto lector \u00fanicamente se precisa ser usuario del Servicio de Pr\u00e9stamos de la Red de Blibliotecas. \u201cLa din\u00e1mica de este reto es muy sencilla, ya que los usuarios s\u00f3lo deber\u00e1n hacer una cosa: entregarse a su pasi\u00f3n lectora\u201d, indica Pellicer quien tambi\u00e9n se\u00f1ala que la Biblioteca ir\u00e1 contabilizando los libros prestados a cada usuario para ver, al final del reto, quien ha le\u00eddo m\u00e1s \u201cindependientemente del tipo de libros que pidan en pr\u00e9stamo, lo que queremos es que lean\u201d. <\/p>   <p>Para este reto se ha establecido dos categorias: la Infantil\/Juvenil hasta 14 a\u00f1os y la categor\u00eda Adultos de esa edad en adelante. Habr\u00e1 diez premios en cada una de estas dos categorias para los lectores m\u00e1s habituales. Premios de elaboraci\u00f3n artesana por parte de distintos colectivos de la ciudad y que ponen en valor la creatividad y esfuerzo de quienes los fabrican. \u201cPueden ser marcap\u00e1ginas, piezas de artesan\u00eda u otros detalles confeccionados por el personal o usuarios de las asociaciones\u201d, indica la edil. <\/p>   <p>Este reto estar\u00e1 vigente hasta el mes de septiembre y los premios se entregar\u00e1n durante el mes de octubre coincidiendo con la celebraci\u00f3n del D\u00eda de las Bibliotecas. <\/p>   <p>     .c-w{         max-width:444px;         width:100%;         margin:32px auto;      background:#00755E;         border-radius:4px;         display:flex;         align-items:center;         justify-content:center;     }     .c-w a{         display:flex;         align-items:center;         justify-content:center;         padding:4px 24px;     }     .c-w img{         width:24px;         margin-right:12px;     }     .c-w p{         font:18px\/25px Poppins;         text-align:center;         color:#fff;         margin:0;     }     @media (max-width:444px){         .c-w a{             padding:4px 12px;         }         .c-w img{             width:24px;             margin-right:8px;         }         .c-w p{             font:14px\/25px Poppins;         }     }     @media (max-width:335px){         .c-w p{             font:13px\/25px Poppins;         }     }  <div class=\"c-w\">     <a href=\"https:\/\/www.whatsapp.com\/channel\/0029Va633PF9WtC4l7XUzh1e\" rel=\"nofollow\" target=\"_blank\">         <img decoding=\"async\" src=\"https:\/\/cadenaser.com\/estaticos\/recursosgraficos\/responsive\/img\/ico-whatsapp.svg\" alt=\"Whatsapp\">         <p>\u00danete al <b>canal de WhatsApp<\/b> de la SER<\/p>     <\/a> <\/div><\/p>   <p> <\/p> ","protected":false},"excerpt":{"rendered":"<p>Habr\u00e1 diez premios en categor\u00eda Infantil\/Juvenil y otros diez para Adultos<\/p>\n","protected":false},"author":0,"featured_media":13158,"comment_status":"open","ping_status":"open","sticky":false,"template":"","format":"standard","meta":{"_acf_changed":false,"footnotes":""},"categories":[1],"tags":[],"class_list":["post-13157","post","type-post","status-publish","format-standard","has-post-thumbnail","hentry","category-sin-categoria"],"acf":{"ser_id":"WKUM25R6HVEDDBZIYYFXXBNHXY","ser_url":"https:\/\/cadenaser.com\/comunitat-valenciana\/2025\/02\/20\/benidorm-premiara-a-los-lectores-que-mas-utilicen-el-servicio-de-prestamo-de-la-biblioteca-central-radio-benidorm\/"},"_links":{"self":[{"href":"https:\/\/serbenidorm.daliisolutions.com\/index.php\/wp-json\/wp\/v2\/posts\/13157","targetHints":{"allow":["GET"]}}],"collection":[{"href":"https:\/\/serbenidorm.daliisolutions.com\/index.php\/wp-json\/wp\/v2\/posts"}],"about":[{"href":"https:\/\/serbenidorm.daliisolutions.com\/index.php\/wp-json\/wp\/v2\/types\/post"}],"replies":[{"embeddable":true,"href":"https:\/\/serbenidorm.daliisolutions.com\/index.php\/wp-json\/wp\/v2\/comments?post=13157"}],"version-history":[{"count":0,"href":"https:\/\/serbenidorm.daliisolutions.com\/index.php\/wp-json\/wp\/v2\/posts\/13157\/revisions"}],"wp:featuredmedia":[{"embeddable":true,"href":"https:\/\/serbenidorm.daliisolutions.com\/index.php\/wp-json\/wp\/v2\/media\/13158"}],"wp:attachment":[{"href":"https:\/\/serbenidorm.daliisolutions.com\/index.php\/wp-json\/wp\/v2\/media?parent=13157"}],"wp:term":[{"taxonomy":"category","embeddable":true,"href":"https:\/\/serbenidorm.daliisolutions.com\/index.php\/wp-json\/wp\/v2\/categories?post=13157"},{"taxonomy":"post_tag","embeddable":true,"href":"https:\/\/serbenidorm.daliisolutions.com\/index.php\/wp-json\/wp\/v2\/tags?post=13157"}],"curies":[{"name":"wp","href":"https:\/\/api.w.org\/{rel}","templated":true}]}}