{"id":13159,"date":"2025-02-21T07:54:55","date_gmt":"2025-02-21T06:54:55","guid":{"rendered":"https:\/\/serbenidorm.daliisolutions.com\/index.php\/2025\/02\/21\/el-4o-gran-premio-del-helado-vuelve-a-benidorm-con-los-mejores-maestros-heladeros-de-europa\/"},"modified":"2025-02-21T07:54:55","modified_gmt":"2025-02-21T06:54:55","slug":"el-4o-gran-premio-del-helado-vuelve-a-benidorm-con-los-mejores-maestros-heladeros-de-europa","status":"publish","type":"post","link":"https:\/\/serbenidorm.daliisolutions.com\/index.php\/2025\/02\/21\/el-4o-gran-premio-del-helado-vuelve-a-benidorm-con-los-mejores-maestros-heladeros-de-europa\/","title":{"rendered":"El 4\u00ba Gran Premio del Helado vuelve a Benidorm con los mejores maestros heladeros de Europa"},"content":{"rendered":"  <p><div data-adtype=\"MLDB\"><\/div><\/p>   <p>M\u00e1laga<\/p>   <p>Tras el \u00e9xito de la \u00faltima edici\u00f3n, el 4\u00ba Gran Premio del Helado regresa a Benidorm (Alicante) los d\u00edas 24 y 25 de febrero de 2025, consolid\u00e1ndose como el segundo evento m\u00e1s importante del mundo en el sector heladero. La competici\u00f3n, que se celebrar\u00e1 en el Hotel Meli\u00e1 Villaitana, reunir\u00e1 a los mejores artesanos del helado en una contienda donde la calidad, la creatividad y la t\u00e9cnica ser\u00e1n claves para alcanzar el podio.<\/p>   <p>El evento contar\u00e1 con la participaci\u00f3n de 150 empresas expositoras y m\u00e1s de 4.500 operadores de helader\u00eda y pasteler\u00eda de toda Europa, ofreciendo un punto de encuentro clave para el sector, que en Espa\u00f1a cuenta con m\u00e1s de 3.000 puntos de venta y un crecimiento continuo y constante.<\/p>   <p><b>Una competici\u00f3n con premios de lujo<\/b><\/p>   <p>El certamen comenzar\u00e1 el 24 de febrero, cuando los participantes competir\u00e1n en la elaboraci\u00f3n de los mejores helados de Chocolate y Mango. Un jurado profesional evaluar\u00e1 las creaciones en una cata an\u00f3nima y puntuar\u00e1 en directo. Solo tras el recuento final se revelar\u00e1 la identidad de los finalistas y ganadores.<\/p>   <p>Los 12 mejores heladeros pasar\u00e1n a la gran final del 25 de febrero, donde se enfrentar\u00e1n al reto de preparar el mejor helado de Cremino. El vencedor no solo obtendr\u00e1 el t\u00edtulo de campe\u00f3n espa\u00f1ol de helader\u00eda, sino tambi\u00e9n un Porsche Boxster como premio. El segundo clasificado recibir\u00e1 una Vespa Piaggio, mientras que el tercer puesto se llevar\u00e1 una m\u00e1quina Bravo.<\/p>   <p><b>Un evento con impacto social y expansi\u00f3n internacional<\/b><\/p>   <p>M\u00e1s all\u00e1 de la competici\u00f3n, el Gran Premio del Helado refuerza su compromiso con la comunidad a trav\u00e9s de una colaboraci\u00f3n con el Banco de Alimentos de Espa\u00f1a, adem\u00e1s de contar con la participaci\u00f3n de reconocidos maestros heladeros y pasteleros, entre ellos el prestigioso Paco Torreblanca.<\/p>   <p>     .c-w{         max-width:444px;         width:100%;         margin:32px auto;      background:#00755E;         border-radius:4px;         display:flex;         align-items:center;         justify-content:center;     }     .c-w a{         display:flex;         align-items:center;         justify-content:center;         padding:4px 24px;     }     .c-w img{         width:24px;         margin-right:12px;     }     .c-w p{         font:18px\/25px Poppins;         text-align:center;         color:#fff;         margin:0;     }     @media (max-width:444px){         .c-w a{             padding:4px 12px;         }         .c-w img{             width:24px;             margin-right:8px;         }         .c-w p{             font:14px\/25px Poppins;         }     }     @media (max-width:335px){         .c-w p{             font:13px\/25px Poppins;         }     }  <div class=\"c-w\">     <a href=\"https:\/\/www.whatsapp.com\/channel\/0029Va633PF9WtC4l7XUzh1e\" rel=\"nofollow\" target=\"_blank\">         <img decoding=\"async\" src=\"https:\/\/cadenaser.com\/estaticos\/recursosgraficos\/responsive\/img\/ico-whatsapp.svg\" alt=\"Whatsapp\">         <p>\u00danete al <b>canal de WhatsApp<\/b> de la SER<\/p>     <\/a> <\/div><\/p>   <p>Adem\u00e1s, el evento ampl\u00eda su alcance m\u00e1s all\u00e1 de Espa\u00f1a y durante 2025 replicar\u00e1 su modelo en Hungr\u00eda (Budapest), Austria (Viena), Croacia (Split) y en marzo del 2026 en Alemania (Erfurt), consolid\u00e1ndose como un referente en el sector heladero a nivel internacional.<\/p>   <p>M\u00e1s informaci\u00f3n en: <a href=\"http:\/\/www.granpremiohelado.es\/\" target=\"_blank\">www.granpremiohelado.es<\/a><\/p> ","protected":false},"excerpt":{"rendered":"<p>M\u00e1laga Tras el \u00e9xito de la \u00faltima edici\u00f3n, el 4\u00ba Gran Premio del Helado regresa a Benidorm (Alicante) los d\u00edas 24 y 25 de febrero de 2025, consolid\u00e1ndose como el segundo evento m\u00e1s importante del mundo en el sector heladero. La competici\u00f3n, que se celebrar\u00e1 en el Hotel Meli\u00e1 Villaitana, reunir\u00e1 a los mejores artesanos [&hellip;]<\/p>\n","protected":false},"author":0,"featured_media":13160,"comment_status":"open","ping_status":"open","sticky":false,"template":"","format":"standard","meta":{"_acf_changed":false,"footnotes":""},"categories":[1],"tags":[],"class_list":["post-13159","post","type-post","status-publish","format-standard","has-post-thumbnail","hentry","category-sin-categoria"],"acf":{"ser_id":"OISJZIYWGBH5NMECOA4RJUBQ2E","ser_url":"https:\/\/cadenaser.com\/andalucia\/2025\/02\/20\/el-4-gran-premio-del-helado-vuelve-a-benidorm-con-los-mejores-maestros-heladeros-de-europa-ser-malaga\/"},"_links":{"self":[{"href":"https:\/\/serbenidorm.daliisolutions.com\/index.php\/wp-json\/wp\/v2\/posts\/13159","targetHints":{"allow":["GET"]}}],"collection":[{"href":"https:\/\/serbenidorm.daliisolutions.com\/index.php\/wp-json\/wp\/v2\/posts"}],"about":[{"href":"https:\/\/serbenidorm.daliisolutions.com\/index.php\/wp-json\/wp\/v2\/types\/post"}],"replies":[{"embeddable":true,"href":"https:\/\/serbenidorm.daliisolutions.com\/index.php\/wp-json\/wp\/v2\/comments?post=13159"}],"version-history":[{"count":0,"href":"https:\/\/serbenidorm.daliisolutions.com\/index.php\/wp-json\/wp\/v2\/posts\/13159\/revisions"}],"wp:featuredmedia":[{"embeddable":true,"href":"https:\/\/serbenidorm.daliisolutions.com\/index.php\/wp-json\/wp\/v2\/media\/13160"}],"wp:attachment":[{"href":"https:\/\/serbenidorm.daliisolutions.com\/index.php\/wp-json\/wp\/v2\/media?parent=13159"}],"wp:term":[{"taxonomy":"category","embeddable":true,"href":"https:\/\/serbenidorm.daliisolutions.com\/index.php\/wp-json\/wp\/v2\/categories?post=13159"},{"taxonomy":"post_tag","embeddable":true,"href":"https:\/\/serbenidorm.daliisolutions.com\/index.php\/wp-json\/wp\/v2\/tags?post=13159"}],"curies":[{"name":"wp","href":"https:\/\/api.w.org\/{rel}","templated":true}]}}