{"id":13177,"date":"2025-02-21T15:24:05","date_gmt":"2025-02-21T14:24:05","guid":{"rendered":"https:\/\/serbenidorm.daliisolutions.com\/index.php\/2025\/02\/21\/16-restaurantes-de-benidorm-participan-en-las-xiii-jornadas-de-la-cuchara\/"},"modified":"2025-02-21T15:24:05","modified_gmt":"2025-02-21T14:24:05","slug":"16-restaurantes-de-benidorm-participan-en-las-xiii-jornadas-de-la-cuchara","status":"publish","type":"post","link":"https:\/\/serbenidorm.daliisolutions.com\/index.php\/2025\/02\/21\/16-restaurantes-de-benidorm-participan-en-las-xiii-jornadas-de-la-cuchara\/","title":{"rendered":"16 restaurantes de Benidorm participan en las XIII Jornadas de la Cuchara"},"content":{"rendered":"  <p><div data-adtype=\"MLDB\"><\/div><\/p>   <p>Benidorm<\/p>   <p>Del 21 de febrero al 2 de marzo, 16 restaurantes de Benidorm ofrecer\u00e1n men\u00fas al precio \u00fanico de 25 euros con un plato de cuchara como protagonista. Se trata de las XIII Jornadas de la Cuchara, enmarcadas bajo el paraguas del Benidorm Gastron\u00f3mico. <\/p>   <p>En <a href=\"https:\/\/radiobenidorm.es\" target=\"_blank\" rel=\"nofollow\" title=\"https:\/\/radiobenidorm.es\">Hoy por Hoy Benidorm<\/a> la gerente de ABRECA, Irene Carre\u00f1o, ha destacado el aumento de participantes en esta jornada con respecto al a\u00f1o pasado. \u00abHemos pasado de doce a diecis\u00e9is restaurantes participantes y eso es muy positivo\u00bb, afirma. <\/p>   <p>La Arrocer\u00eda La Marina, Bolikki, Club N\u00e1utico Benidorm, El Linaje De Castilla, El Mes\u00f3n. El Esturi\u00f3n, Jard\u00edn Mediterr\u00e1neo, Braser\u00eda Aurrera, La Cava Aragonesa, La Fava, La Pinta Beach, La Taper\u00eda, Mal Pas, Malaspina, Marisquer\u00eda El Puerto y Taberna Andaluza son los 16 establecimientos que van a participar en estas jornadas. <\/p>   <p>En todos ellos, los comensales podr\u00e1n degustar elaborados men\u00fas con entrante, un plato tradicional de cuchara, bebida y postre a un precio \u00fanico de 25 euros.<\/p>   <p>Tras la celebraci\u00f3n de estas \u2018XIII Jornadas de la cuchara\u2019, la siguiente cita en el calendario del Benidorm Gastron\u00f3mico 2025 ser\u00e1n las \u2018V Jornadas del At\u00fan\u2019, que se desarrollar\u00e1n del 4 al 13 de abril. El programa continuar\u00e1 con el \u2018XV Concurso de Tapas y Pinchos\u2019, del 20 al 29 de junio. En septiembre, del 19 al 28, se podr\u00e1n degustar las distintas propuestas del \u2018IV Concurso de Cocktails\u2019, mientras que del 17 al 26 de octubre cobrar\u00e1n protagonismo los arroces con las \u2018XIV Jornadas de los Arroces de la Tierra\u2019.<\/p>   <p>     .c-w{         max-width:444px;         width:100%;         margin:32px auto;      background:#00755E;         border-radius:4px;         display:flex;         align-items:center;         justify-content:center;     }     .c-w a{         display:flex;         align-items:center;         justify-content:center;         padding:4px 24px;     }     .c-w img{         width:24px;         margin-right:12px;     }     .c-w p{         font:18px\/25px Poppins;         text-align:center;         color:#fff;         margin:0;     }     @media (max-width:444px){         .c-w a{             padding:4px 12px;         }         .c-w img{             width:24px;             margin-right:8px;         }         .c-w p{             font:14px\/25px Poppins;         }     }     @media (max-width:335px){         .c-w p{             font:13px\/25px Poppins;         }     }  <div class=\"c-w\">     <a href=\"https:\/\/www.whatsapp.com\/channel\/0029Va633PF9WtC4l7XUzh1e\" rel=\"nofollow\" target=\"_blank\">         <img decoding=\"async\" src=\"https:\/\/cadenaser.com\/estaticos\/recursosgraficos\/responsive\/img\/ico-whatsapp.svg\" alt=\"Whatsapp\">         <p>\u00danete al <b>canal de WhatsApp<\/b> de la SER<\/p>     <\/a> <\/div><\/p>   <p> <\/p> ","protected":false},"excerpt":{"rendered":"<p>Del 21 de febrero al 2 de marzo, men\u00fas a 25 euros con un plato principal de cuchara<\/p>\n","protected":false},"author":0,"featured_media":13178,"comment_status":"open","ping_status":"open","sticky":false,"template":"","format":"standard","meta":{"_acf_changed":false,"footnotes":""},"categories":[1],"tags":[],"class_list":["post-13177","post","type-post","status-publish","format-standard","has-post-thumbnail","hentry","category-sin-categoria"],"acf":{"ser_id":"5EYSI54QKBFGRO4XQAGI2IIEXE","ser_url":"https:\/\/cadenaser.com\/comunitat-valenciana\/2025\/02\/20\/16-restaurantes-de-benidorm-participan-en-las-xiii-jornadas-de-la-cuchara-radio-benidorm\/"},"_links":{"self":[{"href":"https:\/\/serbenidorm.daliisolutions.com\/index.php\/wp-json\/wp\/v2\/posts\/13177","targetHints":{"allow":["GET"]}}],"collection":[{"href":"https:\/\/serbenidorm.daliisolutions.com\/index.php\/wp-json\/wp\/v2\/posts"}],"about":[{"href":"https:\/\/serbenidorm.daliisolutions.com\/index.php\/wp-json\/wp\/v2\/types\/post"}],"replies":[{"embeddable":true,"href":"https:\/\/serbenidorm.daliisolutions.com\/index.php\/wp-json\/wp\/v2\/comments?post=13177"}],"version-history":[{"count":0,"href":"https:\/\/serbenidorm.daliisolutions.com\/index.php\/wp-json\/wp\/v2\/posts\/13177\/revisions"}],"wp:featuredmedia":[{"embeddable":true,"href":"https:\/\/serbenidorm.daliisolutions.com\/index.php\/wp-json\/wp\/v2\/media\/13178"}],"wp:attachment":[{"href":"https:\/\/serbenidorm.daliisolutions.com\/index.php\/wp-json\/wp\/v2\/media?parent=13177"}],"wp:term":[{"taxonomy":"category","embeddable":true,"href":"https:\/\/serbenidorm.daliisolutions.com\/index.php\/wp-json\/wp\/v2\/categories?post=13177"},{"taxonomy":"post_tag","embeddable":true,"href":"https:\/\/serbenidorm.daliisolutions.com\/index.php\/wp-json\/wp\/v2\/tags?post=13177"}],"curies":[{"name":"wp","href":"https:\/\/api.w.org\/{rel}","templated":true}]}}