{"id":13217,"date":"2025-02-23T16:25:07","date_gmt":"2025-02-23T15:25:07","guid":{"rendered":"https:\/\/serbenidorm.daliisolutions.com\/index.php\/2025\/02\/23\/el-servigroup-benidorm-no-pudo-con-el-cuenca\/"},"modified":"2025-02-23T16:25:07","modified_gmt":"2025-02-23T15:25:07","slug":"el-servigroup-benidorm-no-pudo-con-el-cuenca","status":"publish","type":"post","link":"https:\/\/serbenidorm.daliisolutions.com\/index.php\/2025\/02\/23\/el-servigroup-benidorm-no-pudo-con-el-cuenca\/","title":{"rendered":"El Servigroup Benidorm no pudo con el Cuenca"},"content":{"rendered":"  <p><div data-adtype=\"MLDB\"><\/div><\/p>   <p>Benidorm<\/p>   <p>La situaci\u00f3n del Servigroup Hoteles Benidorm es cada vez m\u00e1s comprometida despu\u00e9s de que la visita del Cuenca al Palau d\u2019Esports de este domingo, calificada por los propios jugadores locales como una final, se saldara con una c\u00f3moda victoria visitante por 32-38.<\/p>   <p>Tras este resultado el conjunto benidormense se ha metido de lleno en la pelea por evitar el descenso directo tras enlazar tres derrotas en otras tantas jornadas de la segunda vuelta.<\/p>   <p>El conjunto de Lidio Jim\u00e9nez fue de menos a m\u00e1s y supo aprovechar la fragilidad defensiva de su rival, sobre todo en la porter\u00eda, para sumar dos nuevos puntos liderado por en ataque por el brasile\u00f1o Rudolph Hackbarth, autor de 12 tantos.<\/p>   <p>El Servigroup Hoteles Benidorm arranc\u00f3 bien el partido, lo que le permiti\u00f3 dominar el marcador con ventajas de dos y tres goles. Incluso el debutante Bandeira dej\u00f3 detalles de lo que puede aportar en sus primeros minutos en la Asobal.<\/p>   <p>El conjunto benidormense, acertado en el pivote, activo en defensa y sin las p\u00e9rdidas de otros partidos, tuvo el encuentro bajo control hasta los \u00faltimos minutos del primer tiempo, en los que el Rebi Cuenca, reactivado tras un tiempo muerto de su entrenador, aprovech\u00f3 varios errores para marcharse al descanso con ventaja (17-18).<\/p>   <p>     .c-w{         max-width:444px;         width:100%;         margin:32px auto;      background:#00755E;         border-radius:4px;         display:flex;         align-items:center;         justify-content:center;     }     .c-w a{         display:flex;         align-items:center;         justify-content:center;         padding:4px 24px;     }     .c-w img{         width:24px;         margin-right:12px;     }     .c-w p{         font:18px\/25px Poppins;         text-align:center;         color:#fff;         margin:0;     }     @media (max-width:444px){         .c-w a{             padding:4px 12px;         }         .c-w img{             width:24px;             margin-right:8px;         }         .c-w p{             font:14px\/25px Poppins;         }     }     @media (max-width:335px){         .c-w p{             font:13px\/25px Poppins;         }     }  <div class=\"c-w\">     <a href=\"https:\/\/www.whatsapp.com\/channel\/0029Va633PF9WtC4l7XUzh1e\" rel=\"nofollow\" target=\"_blank\">         <img decoding=\"async\" src=\"https:\/\/cadenaser.com\/estaticos\/recursosgraficos\/responsive\/img\/ico-whatsapp.svg\" alt=\"Whatsapp\">         <p>\u00danete al <b>canal de WhatsApp<\/b> de la SER<\/p>     <\/a> <\/div><\/p>   <p>El equipo serrano prolong\u00f3 sus buenas sensaciones en el inicio del segundo periodo, en el que logr\u00f3 anotar un parcial de 0-2 de salida que derrumb\u00f3 al Benidorm, poco acertado en la porter\u00eda.<\/p>   <p>El entrenador local, Sergio Carballeira, intent\u00f3 frenar la escapada conquense con un tiempo muerto en el minuto 7 (20-24), pero no logr\u00f3,<\/p>   <p>El Rebi Cuenca aprovech\u00f3 la solidez de su portero Mach y el acierto de Hackbarth desde el extremo para ir haciendo camino hacia la victoria mientras el Servigroup Benidorm se enredada en p\u00e9rdidas de bal\u00f3n y lanzamientos claros errados.<\/p>   <p>Nacho Valles intent\u00f3 mantener a su equipo con vida con varias acciones individuales que solo valieron para mejorar sus estad\u00edsticas, porque el Rebi Cuenca supo rentabilizar al m\u00e1ximo la ansiedad de su rival para llevarse una c\u00f3moda victoria en una de sus pistas m\u00e1s propicias.<\/p> ","protected":false},"excerpt":{"rendered":"<p>El equipo del Palau d\u2019Esports suma tres derrotas en otras tantas jornadas de la segunda vuelta<\/p>\n","protected":false},"author":0,"featured_media":13218,"comment_status":"open","ping_status":"open","sticky":false,"template":"","format":"standard","meta":{"_acf_changed":false,"footnotes":""},"categories":[16],"tags":[],"class_list":["post-13217","post","type-post","status-publish","format-standard","has-post-thumbnail","hentry","category-deportes"],"acf":{"ser_id":"77OBYOJFYBHQPOT23BT3PKVGU4","ser_url":"https:\/\/cadenaser.com\/comunitat-valenciana\/2025\/02\/23\/el-servigroup-benidorm-no-pudo-con-el-cuenca-radio-benidorm\/"},"_links":{"self":[{"href":"https:\/\/serbenidorm.daliisolutions.com\/index.php\/wp-json\/wp\/v2\/posts\/13217","targetHints":{"allow":["GET"]}}],"collection":[{"href":"https:\/\/serbenidorm.daliisolutions.com\/index.php\/wp-json\/wp\/v2\/posts"}],"about":[{"href":"https:\/\/serbenidorm.daliisolutions.com\/index.php\/wp-json\/wp\/v2\/types\/post"}],"replies":[{"embeddable":true,"href":"https:\/\/serbenidorm.daliisolutions.com\/index.php\/wp-json\/wp\/v2\/comments?post=13217"}],"version-history":[{"count":0,"href":"https:\/\/serbenidorm.daliisolutions.com\/index.php\/wp-json\/wp\/v2\/posts\/13217\/revisions"}],"wp:featuredmedia":[{"embeddable":true,"href":"https:\/\/serbenidorm.daliisolutions.com\/index.php\/wp-json\/wp\/v2\/media\/13218"}],"wp:attachment":[{"href":"https:\/\/serbenidorm.daliisolutions.com\/index.php\/wp-json\/wp\/v2\/media?parent=13217"}],"wp:term":[{"taxonomy":"category","embeddable":true,"href":"https:\/\/serbenidorm.daliisolutions.com\/index.php\/wp-json\/wp\/v2\/categories?post=13217"},{"taxonomy":"post_tag","embeddable":true,"href":"https:\/\/serbenidorm.daliisolutions.com\/index.php\/wp-json\/wp\/v2\/tags?post=13217"}],"curies":[{"name":"wp","href":"https:\/\/api.w.org\/{rel}","templated":true}]}}