{"id":13219,"date":"2025-02-23T16:25:08","date_gmt":"2025-02-23T15:25:08","guid":{"rendered":"https:\/\/serbenidorm.daliisolutions.com\/index.php\/2025\/02\/23\/el-c-f-benidorm-vence-al-villarreal-c-y-confirma-su-buen-momento\/"},"modified":"2025-02-23T16:25:08","modified_gmt":"2025-02-23T15:25:08","slug":"el-c-f-benidorm-vence-al-villarreal-c-y-confirma-su-buen-momento","status":"publish","type":"post","link":"https:\/\/serbenidorm.daliisolutions.com\/index.php\/2025\/02\/23\/el-c-f-benidorm-vence-al-villarreal-c-y-confirma-su-buen-momento\/","title":{"rendered":"El C.F. Benidorm vence al Villarreal C y confirma su buen momento"},"content":{"rendered":"  <p><div data-adtype=\"MLDB\"><\/div><\/p>   <p>Benidorm<\/p>   <p>Tras una primera vuelta para olvidar, el C.F. Benidorm se encomend\u00f3 durante el par\u00f3n navide\u00f1o a Javier Vidales, que llegaba para ocupar el banquillo del equipo del Guillermo Amor en sustituci\u00f3n de un Miguel \u00c1ngel Mart\u00ednez que, tras ser el art\u00edfice del ascenso, no acab\u00f3 de encontrar la manera de darle continuidad a ese proyecto que con tanto brillo dirigi\u00f3 la temporada anterior.<\/p>   <p>Se encomend\u00f3 el club a Javier Vidales y a un 2025 que, esperaban en la planta noble, fuera capaz de deste\u00f1ir el color rojo que, desde octubre, llevaba pintando la clasificaci\u00f3n del equipo. Ahora, cerrados ya en lo futbol\u00edstico los dos primeros meses del a\u00f1o, el C.F. Benidorm ha sumado 16 de los 24 puntos posibles, ha encadenado su mejor racha de resultados de la temporada (tres victorias consecutivas) y, sobre todo, le ha dado la vuelta por completo a la clasificaci\u00f3n (con el descenso ya a cuatro puntos de distancia) y a la din\u00e1mica del equipo.<\/p>   <p>Para ello, el triunfo de este domingo en casa del Villarreal C por 2-3 ha resultado fundamental. No s\u00f3lo por la pura matem\u00e1tica de la suma de tres puntos de oro en la clasificaci\u00f3n, sino, sobre todo, por la entidad del rival, uno de esos equipos metidos de lleno en la pelea por los puestos de promoci\u00f3n de ascenso que, eso s\u00ed, parece estar atravesando un duro bache en su juego.<\/p>   <p>Una zona noble a la que tambi\u00e9n aspira, una vez m\u00e1s, a meterse el C.F. La Nuc\u00eda, que recib\u00eda en casa al Castell\u00f3n B, rival direct\u00edsimo, al que venci\u00f3 por un claro 2-0 que no hace m\u00e1s que seguir confirmando la constante mejor\u00eda del proyecto de Berna Ballester, que despedir\u00e1 el segundo mes del a\u00f1o a s\u00f3lo un punto de los puestos de promoci\u00f3n de ascenso y que el pr\u00f3ximo fin de semana volver\u00e1 a tener una gran oportunidad de confirmarse en ellos ante el Soneja.<\/p> ","protected":false},"excerpt":{"rendered":"<p>El C.F. La Nuc\u00eda se impuso al Castell\u00f3n B y cierra febrero a un punto de la promoci\u00f3n de ascenso<\/p>\n","protected":false},"author":0,"featured_media":13220,"comment_status":"open","ping_status":"open","sticky":false,"template":"","format":"standard","meta":{"_acf_changed":false,"footnotes":""},"categories":[16],"tags":[],"class_list":["post-13219","post","type-post","status-publish","format-standard","has-post-thumbnail","hentry","category-deportes"],"acf":{"ser_id":"FA7A23BHTZDUPKV3WJRD2QPQJA","ser_url":"https:\/\/cadenaser.com\/comunitat-valenciana\/2025\/02\/23\/el-cf-benidorm-vence-al-villarreal-c-y-confirma-su-buen-momento-radio-benidorm\/"},"_links":{"self":[{"href":"https:\/\/serbenidorm.daliisolutions.com\/index.php\/wp-json\/wp\/v2\/posts\/13219","targetHints":{"allow":["GET"]}}],"collection":[{"href":"https:\/\/serbenidorm.daliisolutions.com\/index.php\/wp-json\/wp\/v2\/posts"}],"about":[{"href":"https:\/\/serbenidorm.daliisolutions.com\/index.php\/wp-json\/wp\/v2\/types\/post"}],"replies":[{"embeddable":true,"href":"https:\/\/serbenidorm.daliisolutions.com\/index.php\/wp-json\/wp\/v2\/comments?post=13219"}],"version-history":[{"count":0,"href":"https:\/\/serbenidorm.daliisolutions.com\/index.php\/wp-json\/wp\/v2\/posts\/13219\/revisions"}],"wp:featuredmedia":[{"embeddable":true,"href":"https:\/\/serbenidorm.daliisolutions.com\/index.php\/wp-json\/wp\/v2\/media\/13220"}],"wp:attachment":[{"href":"https:\/\/serbenidorm.daliisolutions.com\/index.php\/wp-json\/wp\/v2\/media?parent=13219"}],"wp:term":[{"taxonomy":"category","embeddable":true,"href":"https:\/\/serbenidorm.daliisolutions.com\/index.php\/wp-json\/wp\/v2\/categories?post=13219"},{"taxonomy":"post_tag","embeddable":true,"href":"https:\/\/serbenidorm.daliisolutions.com\/index.php\/wp-json\/wp\/v2\/tags?post=13219"}],"curies":[{"name":"wp","href":"https:\/\/api.w.org\/{rel}","templated":true}]}}