{"id":13221,"date":"2025-02-23T16:25:09","date_gmt":"2025-02-23T15:25:09","guid":{"rendered":"https:\/\/serbenidorm.daliisolutions.com\/index.php\/2025\/02\/23\/el-playas-de-benidorm-podria-sellar-su-pase-a-la-fase-de-ascenso-el-proximo-fin-de-semana\/"},"modified":"2025-02-23T16:25:09","modified_gmt":"2025-02-23T15:25:09","slug":"el-playas-de-benidorm-podria-sellar-su-pase-a-la-fase-de-ascenso-el-proximo-fin-de-semana","status":"publish","type":"post","link":"https:\/\/serbenidorm.daliisolutions.com\/index.php\/2025\/02\/23\/el-playas-de-benidorm-podria-sellar-su-pase-a-la-fase-de-ascenso-el-proximo-fin-de-semana\/","title":{"rendered":"El Playas de Benidorm podr\u00eda sellar su pase a la fase de ascenso el pr\u00f3ximo fin de semana"},"content":{"rendered":"  <p><div data-adtype=\"MLDB\"><\/div><\/p>   <p>Benidorm<\/p>   <p>Restan \u00fanicamente cinco jornadas para que finalice la fase regular de la Superliga 2 de voleibol y el Servigroup Playas de Benidorm masculino podr\u00eda dejar definitivamente sellada su clasificaci\u00f3n para la fase de ascenso la pr\u00f3xima semana despu\u00e9s del triunfo cosechado este s\u00e1bado ante el Marbella por 3-0 (16-25, 25-18, 25-22 y 25-23) y de que Villena-Petrer se dejara un punto precioso por el camino en su visita a Almedralejo, que se sald\u00f3 con triunfo alicantino por 2-3 (25-22, 12-25, 18-25, 25-17 y 9-15).<\/p>   <p>As\u00ed las cosas, los de Adriano Lamb cuentan ahora con una renta de 13 puntos cuando s\u00f3lo restan 15 por disputarse, lo que convierte la visita del pr\u00f3ximo s\u00e1bado a Almer\u00eda (19:30 horas) en la primera gran oportunidad de celebrar ese primer gran paso en la pelea por el ascenso a la m\u00e1xima categor\u00eda. Las matem\u00e1ticas son claras: conseguir\u00e1n esa clasificaci\u00f3n, haga lo que haga Villena-Petrer, si suman un triunfo de tres puntos.<\/p>   <p>Todo ello, despu\u00e9s de una 17\u00aa jornada en la que el Marbella pas\u00f3 por el pabell\u00f3n Ra\u00fal Mesa en un choque que no comenz\u00f3 bien para los locales, que cedieron el primer set ante un rival muy s\u00f3lido en defensa y con un Ra\u00fal Mu\u00f1oz imparable (m\u00e1ximo anotador del partido con 28 puntos).<\/p>   <p>Sin embargo, el Servigroup Playas de Benidorm supo reponerse y dar la vuelta al encuentro, mostrando su mejor versi\u00f3n en los tres sets siguientes.<\/p>   <p>El t\u00e9cnico, Adriano Lamb, valor\u00f3 la importancia de esta victoria afirmando estar \u201cmuy contento por la victoria ante un equipo que, pese a estar m\u00e1s abajo en la clasificaci\u00f3n, nos ha exigido much\u00edsimo. El equipo no estuvo bien en el primer set, muy lejos de nuestro mejor nivel; pero a partir del segundo mejoramos mucho y logramos alcanzar nuestro mejor nivel de juego para sumar tres puntos m\u00e1s que son muy importantes para seguir con nuestro objetivo de lograr la clasificaci\u00f3n a la fase de ascenso que espero podamos certificar la pr\u00f3xima semana en Almer\u00eda\u201d.<\/p>   <p>     .c-w{         max-width:444px;         width:100%;         margin:32px auto;      background:#00755E;         border-radius:4px;         display:flex;         align-items:center;         justify-content:center;     }     .c-w a{         display:flex;         align-items:center;         justify-content:center;         padding:4px 24px;     }     .c-w img{         width:24px;         margin-right:12px;     }     .c-w p{         font:18px\/25px Poppins;         text-align:center;         color:#fff;         margin:0;     }     @media (max-width:444px){         .c-w a{             padding:4px 12px;         }         .c-w img{             width:24px;             margin-right:8px;         }         .c-w p{             font:14px\/25px Poppins;         }     }     @media (max-width:335px){         .c-w p{             font:13px\/25px Poppins;         }     }  <div class=\"c-w\">     <a href=\"https:\/\/www.whatsapp.com\/channel\/0029Va633PF9WtC4l7XUzh1e\" rel=\"nofollow\" target=\"_blank\">         <img decoding=\"async\" src=\"https:\/\/cadenaser.com\/estaticos\/recursosgraficos\/responsive\/img\/ico-whatsapp.svg\" alt=\"Whatsapp\">         <p>\u00danete al <b>canal de WhatsApp<\/b> de la SER<\/p>     <\/a> <\/div><\/p>   <p><b>Doble derrota femenina<\/b><\/p>   <p>En la Superliga 2 femenina, los equipos de la Marina Baixa sufrieron una doble derrota por id\u00e9ntico resultado ya que el Servigroup Playas de Benidorm cay\u00f3 en casa por 0-3 (18-25, 16-25 y 19-25) ante el intratable l\u00edder del grupo, el Cuesta Piedra y el Medsur Finestrat no pudo pasar el del 3-0 (25-23, 25-13 y 25-20) en su visita a la cancha del Gu\u00eda.<\/p> ","protected":false},"excerpt":{"rendered":"<p>Doble derrota de Benidorm y Finestrat en la competici\u00f3n femenina<\/p>\n","protected":false},"author":0,"featured_media":13222,"comment_status":"open","ping_status":"open","sticky":false,"template":"","format":"standard","meta":{"_acf_changed":false,"footnotes":""},"categories":[16],"tags":[],"class_list":["post-13221","post","type-post","status-publish","format-standard","has-post-thumbnail","hentry","category-deportes"],"acf":{"ser_id":"EF5GS2277VDX5NIDZAT2XD7EYI","ser_url":"https:\/\/cadenaser.com\/comunitat-valenciana\/2025\/02\/23\/el-playas-de-benidorm-podria-sellar-su-pase-a-la-fase-de-ascenso-el-proximo-fin-de-semana-radio-benidorm\/"},"_links":{"self":[{"href":"https:\/\/serbenidorm.daliisolutions.com\/index.php\/wp-json\/wp\/v2\/posts\/13221","targetHints":{"allow":["GET"]}}],"collection":[{"href":"https:\/\/serbenidorm.daliisolutions.com\/index.php\/wp-json\/wp\/v2\/posts"}],"about":[{"href":"https:\/\/serbenidorm.daliisolutions.com\/index.php\/wp-json\/wp\/v2\/types\/post"}],"replies":[{"embeddable":true,"href":"https:\/\/serbenidorm.daliisolutions.com\/index.php\/wp-json\/wp\/v2\/comments?post=13221"}],"version-history":[{"count":0,"href":"https:\/\/serbenidorm.daliisolutions.com\/index.php\/wp-json\/wp\/v2\/posts\/13221\/revisions"}],"wp:featuredmedia":[{"embeddable":true,"href":"https:\/\/serbenidorm.daliisolutions.com\/index.php\/wp-json\/wp\/v2\/media\/13222"}],"wp:attachment":[{"href":"https:\/\/serbenidorm.daliisolutions.com\/index.php\/wp-json\/wp\/v2\/media?parent=13221"}],"wp:term":[{"taxonomy":"category","embeddable":true,"href":"https:\/\/serbenidorm.daliisolutions.com\/index.php\/wp-json\/wp\/v2\/categories?post=13221"},{"taxonomy":"post_tag","embeddable":true,"href":"https:\/\/serbenidorm.daliisolutions.com\/index.php\/wp-json\/wp\/v2\/tags?post=13221"}],"curies":[{"name":"wp","href":"https:\/\/api.w.org\/{rel}","templated":true}]}}