{"id":13248,"date":"2025-02-24T16:39:30","date_gmt":"2025-02-24T15:39:30","guid":{"rendered":"https:\/\/serbenidorm.daliisolutions.com\/index.php\/2025\/02\/24\/asi-es-el-programa-de-benidorm-para-conmemorar-el-dia-de-la-mujer\/"},"modified":"2025-02-24T16:39:30","modified_gmt":"2025-02-24T15:39:30","slug":"asi-es-el-programa-de-benidorm-para-conmemorar-el-dia-de-la-mujer","status":"publish","type":"post","link":"https:\/\/serbenidorm.daliisolutions.com\/index.php\/2025\/02\/24\/asi-es-el-programa-de-benidorm-para-conmemorar-el-dia-de-la-mujer\/","title":{"rendered":"As\u00ed es el programa de Benidorm para conmemorar el D\u00eda de la Mujer"},"content":{"rendered":"  <p><div data-adtype=\"MLDB\"><\/div><\/p>   <p>Benidorm<\/p>   <p>El Ayuntamiento de Benidorm ha programado un extenso y variado programa de actos para conmemorar el D\u00eda Internacional de la Mujer, que se celebra en la mayor parte del mundo el pr\u00f3ximo 8 de marzo. <\/p>   <p>La concejala de Igualdad, \u00c1ngela Zaragoz\u00ed, ha invitado a la ciudadan\u00eda en <a href=\"https:\/\/cadenaser.com\/tag\/benidorm\/a\/\" target=\"_blank\">Hoy por Hoy Benidorm<\/a> a participar activamente estas actividades y ha agradecido su implicaci\u00f3n a todas las personas y entidades que colaborar\u00e1n en las mismas.<\/p>   <p>As\u00ed, el primero de los actos tendr\u00e1 lugar el pr\u00f3ximo lunes, 3 de marzo, a las 10 horas, con el taller de \u00abEmpoderamiento emocional para mujeres\u00bb a cargo de la psic\u00f3loga Jessica Sanchis Buades, promovido por An\u00e9mona-Marina Baixa y que tendr\u00e1 lugar en el Centro Social \u00abJelena\u00bb. Para participar, hay que inscribirse en la Concejal\u00eda de Igualdad.<\/p>  <p><p>M\u00e1s informaci\u00f3n<\/p><figure><img loading=\"lazy\" decoding=\"async\" src=\"https:\/\/cadenaser.com\/resizer\/v2\/KUXD3FOPAFDJ5HPHFMUOQS5NMI.jpg?auth=e13a980ba04a5505e82d4a91c1f541fb7286b4f5a25506bc3cee38310436826e&amp;quality=70&amp;width=360&amp;height=202&amp;smart=true\" width=\"820\" height=\"621\" \/><\/figure><ul><li><a href=\"https:\/\/cadenaser.com\/comunitat-valenciana\/2025\/02\/20\/16-restaurantes-de-benidorm-participan-en-las-xiii-jornadas-de-la-cuchara-radio-benidorm\/\"><span>16 restaurantes de Benidorm participan en las XIII Jornadas de la Cuchara<\/span><\/a><\/li><\/ul><\/p>   <p>El 4 de marzo, martes, a las 11 horas, se inaugurar\u00e1 una exposici\u00f3n de pintura realizada por las Amas de Casa Benidorm en el Centre Cultural Mar\u00edtim, una exposici\u00f3n que estar\u00e1 abierta al p\u00fablico y podr\u00e1 visitarse hasta el d\u00eda 7.<\/p>   <p>Un d\u00eda despu\u00e9s, el mi\u00e9rcoles, 5 de marzo, la programaci\u00f3n ser\u00e1 doble. A las 11 horas, la Asociaci\u00f3n Al Amal Esperanza Benidorm ha organizado una actividad denominada \u201cCreatividad y Tradiciones de las Mujeres Marroqu\u00edes\u201d, en la que se ofrecer\u00e1 una degustaci\u00f3n de pastas y t\u00e9 moruno, se realizar\u00e1 un taller de henna, y se realizar\u00e1 una charla sobre mujeres marroqu\u00edes que han destacado en distintos \u00e1mbitos, con el objetivo de \u201cdar a conocer su cultura y los casos de mujeres empoderadas\u201d. La actividad tendr\u00e1 lugar en el Centro Social Jelena.<\/p>   <p>     .c-w{         max-width:444px;         width:100%;         margin:32px auto;      background:#00755E;         border-radius:4px;         display:flex;         align-items:center;         justify-content:center;     }     .c-w a{         display:flex;         align-items:center;         justify-content:center;         padding:4px 24px;     }     .c-w img{         width:24px;         margin-right:12px;     }     .c-w p{         font:18px\/25px Poppins;         text-align:center;         color:#fff;         margin:0;     }     @media (max-width:444px){         .c-w a{             padding:4px 12px;         }         .c-w img{             width:24px;             margin-right:8px;         }         .c-w p{             font:14px\/25px Poppins;         }     }     @media (max-width:335px){         .c-w p{             font:13px\/25px Poppins;         }     }  <div class=\"c-w\">     <a href=\"https:\/\/www.whatsapp.com\/channel\/0029Va633PF9WtC4l7XUzh1e\" rel=\"nofollow\" target=\"_blank\">         <img decoding=\"async\" src=\"https:\/\/cadenaser.com\/estaticos\/recursosgraficos\/responsive\/img\/ico-whatsapp.svg\" alt=\"Whatsapp\">         <p>\u00danete al <b>canal de WhatsApp<\/b> de la SER<\/p>     <\/a> <\/div><\/p>   <p>Ese mismo d\u00eda, a las 6 de la tarde y en la Casa del Fester, tendr\u00e1 lugar el Concierto de Canto de la Coral Canfali de las Amas de Casa de Benidorm.<\/p>   <p>El jueves, 6 de marzo, a las 20 horas en el Sal\u00f3n de Actos del Ayuntamiento, habr\u00e1 un Concierto-Conferencia dentro del ciclo Cultura por la Igualdad que organizan conjuntamente las concejal\u00edas que dirigen Jaime Jes\u00fas P\u00e9rez y \u00c1ngela Zaragoz\u00ed. En este caso, se denomina \u2018Identidades\u2019 y correr\u00e1 a cargo de Gema Mart\u00ednez y Rosario Tur como ponentes y de Marisa Blanes y Mar\u00eda Eugenia Palomares que tocar\u00e1n el piano a cuatro manos. Zaragoz\u00ed ha explicado que sus protagonistas dar\u00e1n a conocer \u201cel legado de grandes mujeres de la m\u00fasica, la ciencia y la sociedad y c\u00f3mo lograron destacar en sus respectivas disciplinas pese a lo complicado de ser mujer en la \u00e9poca en la que vivieron, en un ejemplo de resiliencia y talento femenino\u201d.<\/p>   <p>El viernes, 7 de marzo, tambi\u00e9n habr\u00e1 programa doble. Por la ma\u00f1ana, a las 12 horas, se colocar\u00e1 la pancarta conmemorativa del D\u00eda Internacional de la Mujer en el Ayuntamiento de Benidorm, mientras que por la tarde se coordinar\u00e1 un autob\u00fas para asistir al XXIV Encuentro de Mujeres de la Marina Baixa, que este a\u00f1o se celebra en Polop. La edil ha trasladado que la organizaci\u00f3n \u201cha reservado para Benidorm 50 plazas, de modo que las mujeres interesadas en poder participar han de realizar su inscripci\u00f3n en el Centro Social \u2018Jelena\u2019\u201d.<\/p>   <p>El 8 de marzo, s\u00e1bado, An\u00e9mona organizar\u00e1 un a\u00f1o m\u00e1s la tradicional Comida de Convivencia de mujeres, que tendr\u00e1 lugar en el restaurante del Club N\u00e1utico. Los tiquets se han de adquirir en la sede de An\u00e9mona.<\/p>   <p>Por \u00faltimo, el domingo, d\u00eda 9, a las 19 horas, tendr\u00e1 lugar la representaci\u00f3n de la obra \u2018Las couchers. Charlas de azucarillo\u2019, dentro del programa de Cultura por la Igualdad. La obra se desarrollar\u00e1 en el auditorio del Centro Cultural y para poder asistir es necesario recoger previamente las invitaciones que se repartir\u00e1n en el Centro Social \u2018Jelena\u2019 durante los d\u00edas 6 y 7.<\/p>   <p>\u201cVamos a dedicar una semana entera a celebrar esta efem\u00e9ride, con todo tipo de actividades y con un programa muy completo\u201d, ha trasladado la concejal de Igualdad durante la presentaci\u00f3n de estos actos. \u00c1ngela Zaragoz\u00ed ha resaltado que la programaci\u00f3n \u201cha llevado mucho tiempo y coordinaci\u00f3n\u201d, pero ha matizado que ha salido adelante \u201cporque trabajamos de forma transversal con el resto de concejal\u00edas y estamos abiertos a todas las propuestas que nos quieran hacer\u201d, tras lo cual ha invitado a la ciudadan\u00eda a \u201cparticipar y disfrutar\u201d de todas estas actividades.<\/p> ","protected":false},"excerpt":{"rendered":"<p>La programaci\u00f3n se prolongar\u00e1 del 3 al 9 de marzo e incluye talleres, conciertos, charlas, exposiciones y teatro <\/p>\n","protected":false},"author":0,"featured_media":13249,"comment_status":"open","ping_status":"open","sticky":false,"template":"","format":"standard","meta":{"_acf_changed":false,"footnotes":""},"categories":[1],"tags":[],"class_list":["post-13248","post","type-post","status-publish","format-standard","has-post-thumbnail","hentry","category-sin-categoria"],"acf":{"ser_id":"RGQG3JG7KVAEPEZB5YXU3SMQRA","ser_url":"https:\/\/cadenaser.com\/comunitat-valenciana\/2025\/02\/24\/asi-es-el-programa-de-benidorm-para-conmemorar-el-dia-de-la-mujer-radio-benidorm\/"},"_links":{"self":[{"href":"https:\/\/serbenidorm.daliisolutions.com\/index.php\/wp-json\/wp\/v2\/posts\/13248","targetHints":{"allow":["GET"]}}],"collection":[{"href":"https:\/\/serbenidorm.daliisolutions.com\/index.php\/wp-json\/wp\/v2\/posts"}],"about":[{"href":"https:\/\/serbenidorm.daliisolutions.com\/index.php\/wp-json\/wp\/v2\/types\/post"}],"replies":[{"embeddable":true,"href":"https:\/\/serbenidorm.daliisolutions.com\/index.php\/wp-json\/wp\/v2\/comments?post=13248"}],"version-history":[{"count":0,"href":"https:\/\/serbenidorm.daliisolutions.com\/index.php\/wp-json\/wp\/v2\/posts\/13248\/revisions"}],"wp:featuredmedia":[{"embeddable":true,"href":"https:\/\/serbenidorm.daliisolutions.com\/index.php\/wp-json\/wp\/v2\/media\/13249"}],"wp:attachment":[{"href":"https:\/\/serbenidorm.daliisolutions.com\/index.php\/wp-json\/wp\/v2\/media?parent=13248"}],"wp:term":[{"taxonomy":"category","embeddable":true,"href":"https:\/\/serbenidorm.daliisolutions.com\/index.php\/wp-json\/wp\/v2\/categories?post=13248"},{"taxonomy":"post_tag","embeddable":true,"href":"https:\/\/serbenidorm.daliisolutions.com\/index.php\/wp-json\/wp\/v2\/tags?post=13248"}],"curies":[{"name":"wp","href":"https:\/\/api.w.org\/{rel}","templated":true}]}}