{"id":13271,"date":"2025-02-25T17:05:50","date_gmt":"2025-02-25T16:05:50","guid":{"rendered":"https:\/\/serbenidorm.daliisolutions.com\/index.php\/2025\/02\/25\/la-nucia-y-polop-unen-fuerzas-para-pedir-fondos-europeos-y-recuperar-la-ruta-patrimonial-del-agua\/"},"modified":"2025-02-25T17:05:50","modified_gmt":"2025-02-25T16:05:50","slug":"la-nucia-y-polop-unen-fuerzas-para-pedir-fondos-europeos-y-recuperar-la-ruta-patrimonial-del-agua","status":"publish","type":"post","link":"https:\/\/serbenidorm.daliisolutions.com\/index.php\/2025\/02\/25\/la-nucia-y-polop-unen-fuerzas-para-pedir-fondos-europeos-y-recuperar-la-ruta-patrimonial-del-agua\/","title":{"rendered":"La Nuc\u00eda y Polop unen fuerzas para pedir fondos europeos y recuperar la Ruta Patrimonial del Agua"},"content":{"rendered":"  <p><div data-adtype=\"MLDB\"><\/div><\/p>   <p>La Nuc\u00eda &#8211; Polop<\/p>   <p>Los Ayuntamientos de Polop de la Marina y La Nuc\u00eda se han unido para presentar este martes un proyecto conjunto a los Fondos Europeos de Desarrollo Regional (FEDER).<\/p>   <p>Dentro del Plan de Actuaci\u00f3n Integrado se presentan cuatro l\u00edneas ente las que destaca la recuperaci\u00f3n de la Ruta Patrimonial del Agua con la recuperaci\u00f3n de la Galer\u00eda Subterr\u00e1nea: 600 metros a trav\u00e9s del subsuelo del casco antiguo de La Nuc\u00eda, <a href=\"https:\/\/cadenaser.com\/tag\/la_nucia\/a\/\" target=\"_blank\">desde la Favara hasta Porvilla<\/a>.<\/p>  <p><p>M\u00e1s informaci\u00f3n<\/p><figure><img loading=\"lazy\" decoding=\"async\" src=\"https:\/\/cadenaser.com\/resizer\/v2\/GC453NAWG5HIJGQHKHSU3VTJHU.jpg?auth=0e37709ab83e8087cbb5d028c6e7483bf5694ec310923d6c328702e236b63ec8&amp;quality=70&amp;width=360&amp;height=202&amp;smart=true\" width=\"820\" height=\"621\" \/><\/figure><ul><li><a href=\"https:\/\/cadenaser.com\/comunitat-valenciana\/2025\/02\/25\/silvia-marso-pi-dhonor-de-la-23-mostra-de-teatre-de-lalfas-del-pi-radio-benidorm\/\"><span>Silvia Mars\u00f3, Pi d&#8217;Honor de la 23\u00aa Mostra de Teatre de l\u2019Alf\u00e0s del Pi<\/span><\/a><\/li><\/ul><\/p>   <p>El otro proyecto estrella es esa tirolina para \u00abconjugar el turismo cultural y patrimonial con el activo y deportivo\u00bb, como han destacado los alcaldes de Polop Jos\u00e9 Lu\u00eds Susmozas y Bernab\u00e9 Cano, alcalde.<\/p>   <p>El global del proyecto roza los diez millones de euros de los que se solicita una ayuda al FEDER del 60 % y algunas de las actuaciones potenciales comprendidas en los proyectos consisten en el desarrollo de la red de carriles bici entre las dos poblaciones, la rehabilitaci\u00f3n de edificios (Casal Fester- Museu de la Festa) y la mejora de la eficiencia energ\u00e9tica en diferentes edificios p\u00fablicos.<\/p>   <p>En el apartado de Smart City, han detallado, se engloba la digitalizaci\u00f3n de la Ciutat Esportiva y el resto de municipio \u00abpara optimizar los recursos y mejorar el servicio al ciudadano\u00bb.<\/p>   <p>     .c-w{         max-width:444px;         width:100%;         margin:32px auto;      background:#00755E;         border-radius:4px;         display:flex;         align-items:center;         justify-content:center;     }     .c-w a{         display:flex;         align-items:center;         justify-content:center;         padding:4px 24px;     }     .c-w img{         width:24px;         margin-right:12px;     }     .c-w p{         font:18px\/25px Poppins;         text-align:center;         color:#fff;         margin:0;     }     @media (max-width:444px){         .c-w a{             padding:4px 12px;         }         .c-w img{             width:24px;             margin-right:8px;         }         .c-w p{             font:14px\/25px Poppins;         }     }     @media (max-width:335px){         .c-w p{             font:13px\/25px Poppins;         }     }  <div class=\"c-w\">     <a href=\"https:\/\/www.whatsapp.com\/channel\/0029Va633PF9WtC4l7XUzh1e\" rel=\"nofollow\" target=\"_blank\">         <img decoding=\"async\" src=\"https:\/\/cadenaser.com\/estaticos\/recursosgraficos\/responsive\/img\/ico-whatsapp.svg\" alt=\"Whatsapp\">         <p>\u00danete al <b>canal de WhatsApp<\/b> de la SER<\/p>     <\/a> <\/div><\/p> ","protected":false},"excerpt":{"rendered":"<p>Este proyecto conjunto contar\u00e1 con una tirolina de 1,5 km<\/p>\n","protected":false},"author":0,"featured_media":13272,"comment_status":"open","ping_status":"open","sticky":false,"template":"","format":"standard","meta":{"_acf_changed":false,"footnotes":""},"categories":[1],"tags":[],"class_list":["post-13271","post","type-post","status-publish","format-standard","has-post-thumbnail","hentry","category-sin-categoria"],"acf":{"ser_id":"CZTXBKT32BBZJOBR5IM3KXQVV4","ser_url":"https:\/\/cadenaser.com\/comunitat-valenciana\/2025\/02\/25\/la-nucia-y-polop-unen-fuerzas-para-pedir-fondos-europeos-y-recuperar-la-ruta-patrimonial-del-agua-radio-benidorm\/"},"_links":{"self":[{"href":"https:\/\/serbenidorm.daliisolutions.com\/index.php\/wp-json\/wp\/v2\/posts\/13271","targetHints":{"allow":["GET"]}}],"collection":[{"href":"https:\/\/serbenidorm.daliisolutions.com\/index.php\/wp-json\/wp\/v2\/posts"}],"about":[{"href":"https:\/\/serbenidorm.daliisolutions.com\/index.php\/wp-json\/wp\/v2\/types\/post"}],"replies":[{"embeddable":true,"href":"https:\/\/serbenidorm.daliisolutions.com\/index.php\/wp-json\/wp\/v2\/comments?post=13271"}],"version-history":[{"count":0,"href":"https:\/\/serbenidorm.daliisolutions.com\/index.php\/wp-json\/wp\/v2\/posts\/13271\/revisions"}],"wp:featuredmedia":[{"embeddable":true,"href":"https:\/\/serbenidorm.daliisolutions.com\/index.php\/wp-json\/wp\/v2\/media\/13272"}],"wp:attachment":[{"href":"https:\/\/serbenidorm.daliisolutions.com\/index.php\/wp-json\/wp\/v2\/media?parent=13271"}],"wp:term":[{"taxonomy":"category","embeddable":true,"href":"https:\/\/serbenidorm.daliisolutions.com\/index.php\/wp-json\/wp\/v2\/categories?post=13271"},{"taxonomy":"post_tag","embeddable":true,"href":"https:\/\/serbenidorm.daliisolutions.com\/index.php\/wp-json\/wp\/v2\/tags?post=13271"}],"curies":[{"name":"wp","href":"https:\/\/api.w.org\/{rel}","templated":true}]}}