{"id":13273,"date":"2025-02-25T17:05:55","date_gmt":"2025-02-25T16:05:55","guid":{"rendered":"https:\/\/serbenidorm.daliisolutions.com\/index.php\/2025\/02\/25\/silvia-marso-pi-dhonor-de-la-23a-mostra-de-teatre-de-lalfas-del-pi\/"},"modified":"2025-02-25T17:05:55","modified_gmt":"2025-02-25T16:05:55","slug":"silvia-marso-pi-dhonor-de-la-23a-mostra-de-teatre-de-lalfas-del-pi","status":"publish","type":"post","link":"https:\/\/serbenidorm.daliisolutions.com\/index.php\/2025\/02\/25\/silvia-marso-pi-dhonor-de-la-23a-mostra-de-teatre-de-lalfas-del-pi\/","title":{"rendered":"Silvia Mars\u00f3, Pi d&#8217;Honor de la 23\u00aa Mostra de Teatre de l\u2019Alf\u00e0s del Pi"},"content":{"rendered":"  <p><div data-adtype=\"MLDB\"><\/div><\/p>   <p>L&#8217;Alf\u00e0s del Pi<\/p>   <p>El mimo franc\u00e9s Marcel Marceau est\u00e1 detr\u00e1s del nombre art\u00edstico de Silvia Mars\u00f3, como la propia actriz reconoc\u00eda en una reciente entrevista en<a href=\"https:\/\/cadenaser.com\/podcast\/cadena-ser\/el-faro\/1155\/\" target=\"_blank\"> El Faro de la SER<\/a>. Ahora, esta profesional que ha dado vida a m\u00e1s de un centenar de personajes, tambi\u00e9n cantante y productora, recibir\u00e1 un nuevo reconocimiento a su trayectoria en forma de Pi d&#8217;Honor.<\/p>   <p>As\u00ed lo ha anunciado el alcalde de l&#8217;Alf\u00e0s del Pi, Vicente Arques, durante la <a href=\"https:\/\/cadenaser.com\/tag\/lalfas_del_pi\/a\/\" target=\"_blank\">presentaci\u00f3n de la 23\u00aa Mostra de Teatre<\/a>, una de las principales se\u00f1as de identidad de la programaci\u00f3n cultural de la localidad: \u00abEstamos muy contentos de poder entregar el Pi d\u2019Honor a la actriz Silvia Mars\u00f3, una actriz de extensa trayectoria, que ha desarrollado todos los g\u00e9neros, estilos y disciplinas, tanto en teatro, como en cine y televisi\u00f3n\u00bb.<\/p>  <p><p>M\u00e1s informaci\u00f3n<\/p><figure><img loading=\"lazy\" decoding=\"async\" src=\"https:\/\/cadenaser.com\/resizer\/v2\/ZEF7T5CYY5G2LOQDVQJGBZXTDE.jpg?auth=d48fdde99bc313e5689285d49530deecee2ae6c29d4903b1f0edfe4821059a64&amp;quality=70&amp;width=360&amp;height=202&amp;smart=true\" width=\"820\" height=\"621\" \/><\/figure><ul><li><a href=\"https:\/\/cadenaser.com\/nacional\/2024\/05\/23\/silvia-marso-yo-no-queria-ser-famosa-queria-ser-actriz-cadena-ser\/\"><span>\u00abNunca me arrepent\u00ed\u00bb: Silvia Mars\u00f3 cuenta por qu\u00e9 volver\u00eda a decir que no a ese \u00abcheque en blanco\u00bb<\/span><\/a><\/li><\/ul><\/p>   <p>Mars\u00f3 llegar\u00e1 a l&#8217;Alf\u00e0s el s\u00e1bado 29 de marzo con \u2018Claveles\u2019, que protagoniza junto a Abel Folk, tambi\u00e9n director de esta obra escrita por Emma Riverola. <\/p>   <p>Ser\u00e1 la representaci\u00f3n la que eche el tel\u00f3n a una Mostra que arranca el 10 de marzo y lo hace, como ya es habitual, con el ciclo amateur que el primer edil tambi\u00e9n ha querido poner en valor: \u00abAunque se inici\u00f3 como complemento a la Mostra de Teatre, ahora mismo es un certamen ya muy consolidado. Tenemos compa\u00f1\u00edas que se ponen en contacto con nosotros cada a\u00f1o porque quieren participar\u00bb.<\/p>   <p>Programaci\u00f3n completa y venta de entradas<\/p>   <p><li>Ciclo de Teatro Amateur<\/li><\/p>   <p>El Taller de Teatro de la Asociaci\u00f3n de Amas de Casa se encargar\u00e1 un a\u00f1o m\u00e1s de abrir, el lunes 10 de marzo, la Mostra de Teatre de l\u2019Alf\u00e0s del Pi, que se iniciar\u00e1 con la semana dedicada al teatro amateur, en la que se dar\u00e1n cita seis compa\u00f1\u00edas de la provincia de Alicante.<\/p>   <p>     .c-w{         max-width:444px;         width:100%;         margin:32px auto;      background:#00755E;         border-radius:4px;         display:flex;         align-items:center;         justify-content:center;     }     .c-w a{         display:flex;         align-items:center;         justify-content:center;         padding:4px 24px;     }     .c-w img{         width:24px;         margin-right:12px;     }     .c-w p{         font:18px\/25px Poppins;         text-align:center;         color:#fff;         margin:0;     }     @media (max-width:444px){         .c-w a{             padding:4px 12px;         }         .c-w img{             width:24px;             margin-right:8px;         }         .c-w p{             font:14px\/25px Poppins;         }     }     @media (max-width:335px){         .c-w p{             font:13px\/25px Poppins;         }     }  <div class=\"c-w\">     <a href=\"https:\/\/www.whatsapp.com\/channel\/0029Va633PF9WtC4l7XUzh1e\" rel=\"nofollow\" target=\"_blank\">         <img decoding=\"async\" src=\"https:\/\/cadenaser.com\/estaticos\/recursosgraficos\/responsive\/img\/ico-whatsapp.svg\" alt=\"Whatsapp\">         <p>\u00danete al <b>canal de WhatsApp<\/b> de la SER<\/p>     <\/a> <\/div><\/p>   <p>\u201cDesde hace unos a\u00f1os estamos trabajando por reivindicar desde la Mostra la importancia del teatro aficionado, dando visibilidad a las compa\u00f1\u00edas que tenemos en la provincia de Alicante. En la pasada edici\u00f3n, la semana dedicada al teatro amateur congreg\u00f3 a cerca de 2.000 espectadores, llenando el auditorio de la Casa de Cultura en cada una de las funciones programadas\u201d, ha manifestado el concejal de Cultura, Manuel Casado, tras reiterar la importancia de fomentar el teatro amateur desde las administraciones locales.<\/p>   <p>La 23 Mostra de Teatre de l\u2019Alf\u00e0s del Pi comenzar\u00e1 el lunes 10 con el Taller de Teatro de la Asociaci\u00f3n de Amas de Casa, que representar\u00e1 siete obras cortas: \u2018El novio cura\u2019, \u2018De verdad fue sin querer\u2019, \u2018Oficina de empleo\u2019, \u2018Promesa incumplida\u2019, \u2018N\u00fameros rojos\u2019, \u2018D\u00eda de playa\u2019 y \u2018Parada de autob\u00fas\u2019.<\/p>   <p>La Mostra continuar\u00e1 el martes 11 con la compa\u00f1\u00eda Lunatando, que pondr\u00e1 en escena \u2018Las heridas del viento\u2019, dirigida por Emilio Zaplana. Esta obra muestra dos fuerzas -la paternofilial y la amorosa- y las pone en conflicto porque ofrecen perspectivas contrapuestas de unos mismos seres.<\/p>   <p>El mi\u00e9rcoles 12 llega a la Casa de Cultura \u2018El laberinto del tiempo\u2019, obra escrita y dirigida por Arlene Iribarren Cobo. En plena inauguraci\u00f3n de un lujoso restaurante, un misterioso reloj atrapa a todos los invitados en un bucle temporal. Seg\u00fan reviven la noche una y otra vez, las apariencias se desmoronan desvelando sus secretos.<\/p>   <p>El jueves 13, la compa\u00f1\u00eda Arteatro presenta \u2018Presas\u2019, obra escrita por Ignacio del Moral y Ver\u00f3nica Fern\u00e1ndez, que dirige Ana Maestre. En una c\u00e1rcel de mujeres de la posguerra espa\u00f1ola se va a dar un indulto celebrando el jubileo de San Perpetuo. Esta gracia s\u00f3lo se concede una vez cada 10 a\u00f1os y es la \u00fanica oportunidad que tienen las reclusas para escapar del agujero en el que son maltratadas, humilladas y utilizadas para los trabajos m\u00e1s despreciables.<\/p>   <p>El viernes 14, la compa\u00f1\u00eda Alp\u00ed Teatre presenta \u2018En la luna\u2019, dirigida por Ricardo Molina. En una Espa\u00f1a ficticia en la Luna, con la Tierra de fondo, nueve escenas vibrantes mezclan comedia y sombras para explorar la transici\u00f3n espa\u00f1ola de forma surrealista.<\/p>   <p>Finalmente, la semana dedicada al teatro amateur concluir\u00e1 el s\u00e1bado 15, con \u2018Medea\u2019, conocida tragedia de Eur\u00edpides que pondr\u00e1 en escena la compa\u00f1\u00eda Mascarat bajo la direcci\u00f3n de Manuel Troncoso.<\/p>   <p><li>Ciclo de Teatro Profesional<\/li><\/p>   <p>El Ciclo de Teatro Profesional dar\u00e1 comienzo el mi\u00e9rcoles 26 de marzo con \u2018Los tacones de pap\u00e1\u2019, obra que dirige el alfasino Juan Luis Iborra junto a Jos\u00e9 Warletta. El mundo del transformismo visto a trav\u00e9s de los ojos de una joven cat\u00f3lica apost\u00f3lica y romana. Una joven que tras la muerte de su padre descubre que en la vida no todo son blancos y negros, tambi\u00e9n hay m\u00e1s colores.<\/p>   <p>El jueves 27 de marzo se subir\u00e1 al escenario de la Casa de Cultura la compa\u00f1\u00eda Yllana con el espect\u00e1culo \u2018Madness\u2019, una comedia musical sobre la vida en los m\u00e1rgenes del sistema. Yllana y Primital Brothers vuelven a unir sus fuerzas para decirnos que la tecnolog\u00eda es la nueva mitolog\u00eda, que la vida cotidiana es de locos, que la risa es sagrada y el canto a capela es el ancla con la humanidad.<\/p>   <p>El viernes 28 llega a l\u2019Alf\u00e0s del Pi la actriz Rosario Pardo con la obra \u2018Los d\u00edas de la nieve\u2019, en la que da vida a Josefina Manresa, viuda del poeta Miguel Hern\u00e1ndez. Una costurera est\u00e1 a punto de terminar su \u00faltimo encargo: un vestido azul de mar. Entre puntada y puntada, la costurera rememora su vida, la evoca, la vuelve a vivir. Recuerdos de poes\u00eda, de amor y de d\u00edas de sufrimiento. Un espect\u00e1culo sobre la fortaleza femenina, la memoria hist\u00f3rica, la voracidad de los medios y la belleza.<\/p>   <p>El s\u00e1bado 29 l\u2019Alf\u00e0s rendir\u00e1 homenaje a Silvia Mars\u00f3 con la entrega del Pi d\u2019Honor tras la representaci\u00f3n de \u2018Claveles\u2019, que protagoniza junto a Abel Folk, quien tambi\u00e9n dirige  la obra. La pieza nos acerca la vida de Javier y Violeta, dos antiguos amigos de la universidad que se reencuentran tras cuarenta a\u00f1os sumidos en el silencio y el rencor. La muerte del marido de ella, Ram\u00f3n, es la que motiva que vuelvan a verse. \u00c9l llega dispuesto a revelar lo callado, lo que no imagina es lo que ella oculta. El pasado se despliega: las traiciones y los amores, las ambiciones pol\u00edticas y las utop\u00edas perdidas. El ayer y el presente se entremezclan, tambi\u00e9n lo personal y lo pol\u00edtico.<\/p>   <p>Finalmente, el domingo 30 finalizar\u00e1 la 23 Mostra de Teatre de l\u2019Alf\u00e0s del Pi con \u2018Pl\u00fcvia\u2019, de la compa\u00f1\u00eda \u00dc Producciones, obra dirigida al p\u00fablico juvenil y familiar. Un musical recientemente nominado a los Premios MAX que tiene a la lluvia como protagonista y donde suceden hechos que no dejar\u00e1n indiferentes a ning\u00fan espectador. Teatro, humor, m\u00fasica y magia se mezclan en esta obra, recomendada a personas mayores de 12 a\u00f1os.<\/p>   <p><li>Venta de entradas<\/li><\/p>   <p>Las entradas pueden adquirirse ya en la taquilla de la Casa de Cultura y, en caso de las funciones de teatro profesional, tambi\u00e9n a trav\u00e9s de Instanticket.<\/p>   <p>Los precios var\u00edan seg\u00fan el tipo de funci\u00f3n. Las entradas para el teatro amateur e infantil salen al precio \u00fanico de 3 euros y las entradas para las obras de teatro profesional cuestan 15 euros, 12 con precio reducido en caso de j\u00f3venes y pensionistas.<\/p>   <p>Como es habitual, sale a la venta un abono para 4 funciones -45 euros- que, en caso de jubilados y j\u00f3venes, se puede adquirir con descuento -36 euros-. Los abonos \u00fanicamente pueden comprarse en la taquilla de la Casa de Cultura, abierta de lunes a viernes, de 10 a 13 y de 17 a 19 horas.<\/p> ","protected":false},"excerpt":{"rendered":"<p>Los dos ciclos de la Mostra se desarrollar\u00e1n entre el 10 y el 30 de marzo<\/p>\n","protected":false},"author":0,"featured_media":13274,"comment_status":"open","ping_status":"open","sticky":false,"template":"","format":"standard","meta":{"_acf_changed":false,"footnotes":""},"categories":[1],"tags":[],"class_list":["post-13273","post","type-post","status-publish","format-standard","has-post-thumbnail","hentry","category-sin-categoria"],"acf":{"ser_id":"JUD44NR4PNBUVKF5XHOSPRRJGI","ser_url":"https:\/\/cadenaser.com\/comunitat-valenciana\/2025\/02\/25\/silvia-marso-pi-dhonor-de-la-23-mostra-de-teatre-de-lalfas-del-pi-radio-benidorm\/"},"_links":{"self":[{"href":"https:\/\/serbenidorm.daliisolutions.com\/index.php\/wp-json\/wp\/v2\/posts\/13273","targetHints":{"allow":["GET"]}}],"collection":[{"href":"https:\/\/serbenidorm.daliisolutions.com\/index.php\/wp-json\/wp\/v2\/posts"}],"about":[{"href":"https:\/\/serbenidorm.daliisolutions.com\/index.php\/wp-json\/wp\/v2\/types\/post"}],"replies":[{"embeddable":true,"href":"https:\/\/serbenidorm.daliisolutions.com\/index.php\/wp-json\/wp\/v2\/comments?post=13273"}],"version-history":[{"count":0,"href":"https:\/\/serbenidorm.daliisolutions.com\/index.php\/wp-json\/wp\/v2\/posts\/13273\/revisions"}],"wp:featuredmedia":[{"embeddable":true,"href":"https:\/\/serbenidorm.daliisolutions.com\/index.php\/wp-json\/wp\/v2\/media\/13274"}],"wp:attachment":[{"href":"https:\/\/serbenidorm.daliisolutions.com\/index.php\/wp-json\/wp\/v2\/media?parent=13273"}],"wp:term":[{"taxonomy":"category","embeddable":true,"href":"https:\/\/serbenidorm.daliisolutions.com\/index.php\/wp-json\/wp\/v2\/categories?post=13273"},{"taxonomy":"post_tag","embeddable":true,"href":"https:\/\/serbenidorm.daliisolutions.com\/index.php\/wp-json\/wp\/v2\/tags?post=13273"}],"curies":[{"name":"wp","href":"https:\/\/api.w.org\/{rel}","templated":true}]}}