{"id":13277,"date":"2025-02-25T17:05:57","date_gmt":"2025-02-25T16:05:57","guid":{"rendered":"https:\/\/serbenidorm.daliisolutions.com\/index.php\/2025\/02\/25\/el-club-voleibol-playas-de-benidorm-quiere-organizar-la-fase-de-ascenso-a-la-superliga-masculina\/"},"modified":"2025-02-25T17:05:57","modified_gmt":"2025-02-25T16:05:57","slug":"el-club-voleibol-playas-de-benidorm-quiere-organizar-la-fase-de-ascenso-a-la-superliga-masculina","status":"publish","type":"post","link":"https:\/\/serbenidorm.daliisolutions.com\/index.php\/2025\/02\/25\/el-club-voleibol-playas-de-benidorm-quiere-organizar-la-fase-de-ascenso-a-la-superliga-masculina\/","title":{"rendered":"El Club Voleibol Playas de Benidorm quiere organizar la fase de ascenso a la Superliga Masculina"},"content":{"rendered":"  <p><div data-adtype=\"MLDB\"><\/div><\/p>   <p>Benidorm<\/p>   <p>Mientras que su equipo masculino sigue adelante con una temporada casi perfecta, la directiva del Club Voleibol Playas de Benidorm ha comenzado ya a trabajar para conseguir que el pabell\u00f3n Ra\u00fal Mesa de la capital tur\u00edstica de la Costa Blanca se convierta en la sede de la pelear por el ascenso a la m\u00e1xima categor\u00eda del v\u00f3ley nacional.<\/p>   <p>Ese deseo, expresado en m\u00e1s de una ocasi\u00f3n de manera privada por parte de los responsables del club, se ha hecho ahora p\u00fablico despu\u00e9s de una reuni\u00f3n mantenida este martes por parte de los representantes de la entidad con el alcalde de la ciudad, Toni P\u00e9rez y el edil de Deportes, Javi Jord\u00e1. En ella, entre otros asuntos, los directivos del Playas de Benidorm han solicitado la colaboraci\u00f3n del Ayuntamiento en esa puja.<\/p>   <p>En lo deportivo, el Servigroup Playas de Benidorm partir\u00e1 como uno de los grandes favoritos a conseguir el ascenso. Completadas ya 17 jornadas de competici\u00f3n, los de Adriano Lamb s\u00f3lo se han dejado tres de los 51 puntos posibles por el camino. Esto les ha llevado a la situaci\u00f3n de que este mismo fin de semana, con cinco jornadas de la fase regular todav\u00eda por disputarse, podr\u00edan sellar de manera matem\u00e1tica su pase a esa fase de ascenso.<\/p>   <p>Por su parte, el primer edil de Benidorm ha reiterado el compromiso del Ayuntamiento con el deporte local y ha puesto en valor el esfuerzo del club por fomentar la pr\u00e1ctica del voleibol en la ciudad. Asimismo, les ha transmitido la plena colaboraci\u00f3n del Ayuntamiento para acoger la fase de ascenso, solicitada por el club, en el caso que la Federaci\u00f3n Espa\u00f1ola designe a la ciudad como sede organizadora.<\/p>   <p>La reuni\u00f3n tambi\u00e9n ha servido para estrechar la colaboraci\u00f3n entre el Ayuntamiento y el club, as\u00ed como para agradecer el respaldo institucional que permite seguir impulsando la pr\u00e1ctica del voleibol en todas sus categor\u00edas. Como muestra de este agradecimiento, la directiva ha hecho entrega al alcalde y al concejal de camisetas personalizadas del equipo.<\/p>   <p>     .c-w{         max-width:444px;         width:100%;         margin:32px auto;      background:#00755E;         border-radius:4px;         display:flex;         align-items:center;         justify-content:center;     }     .c-w a{         display:flex;         align-items:center;         justify-content:center;         padding:4px 24px;     }     .c-w img{         width:24px;         margin-right:12px;     }     .c-w p{         font:18px\/25px Poppins;         text-align:center;         color:#fff;         margin:0;     }     @media (max-width:444px){         .c-w a{             padding:4px 12px;         }         .c-w img{             width:24px;             margin-right:8px;         }         .c-w p{             font:14px\/25px Poppins;         }     }     @media (max-width:335px){         .c-w p{             font:13px\/25px Poppins;         }     }  <div class=\"c-w\">     <a href=\"https:\/\/www.whatsapp.com\/channel\/0029Va633PF9WtC4l7XUzh1e\" rel=\"nofollow\" target=\"_blank\">         <img decoding=\"async\" src=\"https:\/\/cadenaser.com\/estaticos\/recursosgraficos\/responsive\/img\/ico-whatsapp.svg\" alt=\"Whatsapp\">         <p>\u00danete al <b>canal de WhatsApp<\/b> de la SER<\/p>     <\/a> <\/div><\/p>   <p>El Club Voleibol Playas de Benidorm, que cuenta con m\u00e1s de 350 jugadores federados en distintas categor\u00edas, sigue consolid\u00e1ndose como una referencia en el panorama deportivo local, con una apuesta firme por el crecimiento y la excelencia competitiva en el voleibol.<\/p> ","protected":false},"excerpt":{"rendered":"<p>El equipo de Adriano Lamb podr\u00eda sellar su clasificaci\u00f3n matem\u00e1tica el pr\u00f3ximo fin de semana<\/p>\n","protected":false},"author":0,"featured_media":13278,"comment_status":"open","ping_status":"open","sticky":false,"template":"","format":"standard","meta":{"_acf_changed":false,"footnotes":""},"categories":[16],"tags":[],"class_list":["post-13277","post","type-post","status-publish","format-standard","has-post-thumbnail","hentry","category-deportes"],"acf":{"ser_id":"QD2EUXAZ5BD3HHMEUOIF6NV5IE","ser_url":"https:\/\/cadenaser.com\/comunitat-valenciana\/2025\/02\/25\/el-club-voleibol-playas-de-benidorm-quiere-organizar-la-fase-de-ascenso-a-la-superliga-masculina-radio-benidorm\/"},"_links":{"self":[{"href":"https:\/\/serbenidorm.daliisolutions.com\/index.php\/wp-json\/wp\/v2\/posts\/13277","targetHints":{"allow":["GET"]}}],"collection":[{"href":"https:\/\/serbenidorm.daliisolutions.com\/index.php\/wp-json\/wp\/v2\/posts"}],"about":[{"href":"https:\/\/serbenidorm.daliisolutions.com\/index.php\/wp-json\/wp\/v2\/types\/post"}],"replies":[{"embeddable":true,"href":"https:\/\/serbenidorm.daliisolutions.com\/index.php\/wp-json\/wp\/v2\/comments?post=13277"}],"version-history":[{"count":0,"href":"https:\/\/serbenidorm.daliisolutions.com\/index.php\/wp-json\/wp\/v2\/posts\/13277\/revisions"}],"wp:featuredmedia":[{"embeddable":true,"href":"https:\/\/serbenidorm.daliisolutions.com\/index.php\/wp-json\/wp\/v2\/media\/13278"}],"wp:attachment":[{"href":"https:\/\/serbenidorm.daliisolutions.com\/index.php\/wp-json\/wp\/v2\/media?parent=13277"}],"wp:term":[{"taxonomy":"category","embeddable":true,"href":"https:\/\/serbenidorm.daliisolutions.com\/index.php\/wp-json\/wp\/v2\/categories?post=13277"},{"taxonomy":"post_tag","embeddable":true,"href":"https:\/\/serbenidorm.daliisolutions.com\/index.php\/wp-json\/wp\/v2\/tags?post=13277"}],"curies":[{"name":"wp","href":"https:\/\/api.w.org\/{rel}","templated":true}]}}