{"id":13312,"date":"2025-02-26T13:35:50","date_gmt":"2025-02-26T12:35:50","guid":{"rendered":"https:\/\/serbenidorm.daliisolutions.com\/index.php\/2025\/02\/26\/directores-de-primaria-y-secundaria-de-alicante-piden-un-pacto-por-la-educacion-ante-la-votacion-por-la-lengua-base\/"},"modified":"2025-02-26T13:35:50","modified_gmt":"2025-02-26T12:35:50","slug":"directores-de-primaria-y-secundaria-de-alicante-piden-un-pacto-por-la-educacion-ante-la-votacion-por-la-lengua-base","status":"publish","type":"post","link":"https:\/\/serbenidorm.daliisolutions.com\/index.php\/2025\/02\/26\/directores-de-primaria-y-secundaria-de-alicante-piden-un-pacto-por-la-educacion-ante-la-votacion-por-la-lengua-base\/","title":{"rendered":"Directores de Primaria y Secundaria de Alicante piden un pacto por la Educaci\u00f3n ante la votaci\u00f3n por la lengua base"},"content":{"rendered":"  <p><div data-adtype=\"MLDB\"><\/div><\/p>   <p>Alicante<\/p>   <p><a href=\"https:\/\/cadenaser.com\/comunitat-valenciana\/2025\/02\/25\/comienza-con-incidencias-la-consulta-sobre-la-lengua-base-de-la-educacion-en-la-comunitat-valenciana-radio-valencia\/\" target=\"_blank\" rel=\"nofollow\" title=\"https:\/\/cadenaser.com\/comunitat-valenciana\/2025\/02\/25\/comienza-con-incidencias-la-consulta-sobre-la-lengua-base-de-la-educacion-en-la-comunitat-valenciana-radio-valencia\/\">Este martes ha comenzado el periodo de votaci\u00f3n para que padres y madres elijan la lengua base<\/a>, castellano o valenciano, en la que estudiar\u00e1n sus hijos e hijas el curso que viene y en aplicaci\u00f3n de la Ley de Libertad Educativa de la Generalitat Valenciana promovida por el gobierno de Carlos Maz\u00f3n. <\/p>   <p>Los directores de Infantil, Primaria y Secundaria de la Comunitat Valenciana, han lamentado, en Hoy por Hoy Alicante, que el estado de \u00e1nimo con el que est\u00e1n acudiendo los padres y madres a depositar su voto sea de \u00abincertidumbre\u00bb.<\/p>   <p><p>M\u00e1s informaci\u00f3n<\/p><ul><li><a href=\"https:\/\/cadenaser.com\/comunitat-valenciana\/2025\/02\/19\/directores-de-infantil-primaria-y-secundaria-de-alicante-vaticinan-un-caos-tras-la-consulta-de-la-lengua-base-radio-alicante\/\"><span>Directores de Infantil, Primaria y Secundaria de Alicante vaticinan un \u201ccaos\u201d tras la consulta de la lengua base<\/span><\/a><\/li><li><a href=\"https:\/\/cadenaser.com\/comunitat-valenciana\/2025\/02\/19\/unitat-per-a-leducacio-multilingue-de-la-ua-la-eleccion-de-la-lengua-base-es-una-promesa-electoral-que-no-tiene-en-cuenta-la-repercusion-pedagogica-radio-alicante\/\"><span>Unitat per a l\u2019Educaci\u00f3 Multiling\u00fce de la UA: \u201cLa elecci\u00f3n de la lengua base es una promesa electoral que no tiene en cuenta la repercusi\u00f3n pedag\u00f3gica\u201d<\/span><\/a><\/li><\/ul><\/p>   <p>Insisten en que la consulta nace de la \u00abconfrontaci\u00f3n\u00bb entre las dos lenguas oficiales y sin ninguna base pedag\u00f3gica y alertan de la posible formaci\u00f3n de guetos.<\/p>   <p>\u00abPacto por la Educaci\u00f3n\u00bb y \u00abno cambiar lo que funciona\u00bb<\/p>   <p>Isabel Moreno, presidenta de la Asociaci\u00f3n de directores de Infantil y Primaria de las escuelas p\u00fablicas, ha insistido en que este \u00abno es el mejor caldo de cultivo\u00bb para tomar decisiones respecto al sistema educativo.<\/p>   <p>Entiende Moreno que quien llega a gobernar \u00abtenga que implementar su programa electoral\u00bb, pero insiste en un \u00abpacto\u00bb en Educaci\u00f3n para no ir dando bandazos. Eso debe lograr \u00abgracias al consenso\u00bb y en este caso, la mayor\u00eda de agentes educativos \u00abest\u00e1 en contra\u00bb. Y es que, lamenta: \u00abEl a\u00f1o que viene los criterios ling\u00fc\u00edsticos pasar\u00e1n por encima de los pedag\u00f3gicos\u00bb.<\/p>   <p>     .c-w{         max-width:444px;         width:100%;         margin:32px auto;      background:#00755E;         border-radius:4px;         display:flex;         align-items:center;         justify-content:center;     }     .c-w a{         display:flex;         align-items:center;         justify-content:center;         padding:4px 24px;     }     .c-w img{         width:24px;         margin-right:12px;     }     .c-w p{         font:18px\/25px Poppins;         text-align:center;         color:#fff;         margin:0;     }     @media (max-width:444px){         .c-w a{             padding:4px 12px;         }         .c-w img{             width:24px;             margin-right:8px;         }         .c-w p{             font:14px\/25px Poppins;         }     }     @media (max-width:335px){         .c-w p{             font:13px\/25px Poppins;         }     }  <div class=\"c-w\">     <a href=\"https:\/\/www.whatsapp.com\/channel\/0029Va633PF9WtC4l7XUzh1e\" rel=\"nofollow\" target=\"_blank\">         <img decoding=\"async\" src=\"https:\/\/cadenaser.com\/estaticos\/recursosgraficos\/responsive\/img\/ico-whatsapp.svg\" alt=\"Whatsapp\">         <p>\u00danete al <b>canal de WhatsApp<\/b> de la SER<\/p>     <\/a> <\/div><\/p>   <p>En la misma l\u00ednea, desde la Asociaci\u00f3n de directores de Secundaria, su portavoz, Toni Gonz\u00e1lez Picornell, lamenta que se cambie lo que estaba funcionando, con grupos heterog\u00e9neos, frente a los homog\u00e9neos \u00abque pueden dar lugar a guetos y que no dar\u00e1n respuesta a los aprendizajes educativos\u00bb. <\/p>   <p>\u00abEl mal menor es dejar las cosas como est\u00e1n\u00bb y recomienda, ante esta situaci\u00f3n, \u00abque las familias opten por el valenciano para que sus hijos sean biling\u00fces\u00bb.<\/p>   <p>Ha apuntado adem\u00e1s Picornell que se puede dar el caso de que alg\u00fan alumno tenga que cambiar de instituto, sobre todo en las grandes ciudades, por lo que, con esta iniciativa \u00abse ha generado un problema innecesario\u00bb. <\/p>   <p>Inicio con incidencias<\/p>   <p>M\u00e1s de 230.000 familias est\u00e1n llamadas a votar en la provincia de Alicante. <a href=\"https:\/\/cadenaser.com\/comunitat-valenciana\/2025\/02\/25\/comienza-con-incidencias-la-consulta-sobre-la-lengua-base-de-la-educacion-en-la-comunitat-valenciana-radio-valencia\/\" target=\"_blank\" rel=\"nofollow\" title=\"https:\/\/cadenaser.com\/comunitat-valenciana\/2025\/02\/25\/comienza-con-incidencias-la-consulta-sobre-la-lengua-base-de-la-educacion-en-la-comunitat-valenciana-radio-valencia\/\">El inicio de la votaci\u00f3n, a las 09:00 horas, se ha abierto con incidencias debido a la saturaci\u00f3n de la plataforma<\/a>. <\/p>   <p>La Conselleria de Educaci\u00f3n ha informado de que ha habido un pico de \u00abalta demanda\u00bb en la primera media hora, que se ha solventado y se puede votar \u00abcon normalidad\u00bb. <\/p>   <p>El conseller de Educaci\u00f3n, Jos\u00e9 Antonio Rovira, este martes ha afirmado que, con la consulta, \u201cla planificaci\u00f3n educativa se har\u00e1 en base a la voluntad de las familias, no de la administraci\u00f3n ni de organizaciones pol\u00edticas\u201d.<\/p>   <p>Una votaci\u00f3n que se realiza de manera telem\u00e1tica hasta el 4 de marzo para cada estudiante matriculado en el segundo ciclo de Infantil, Primaria o los tres primeros cursos de la ESO, y cuyo resultado se aplicar\u00e1 en el curso 2025\/2026.<\/p> ","protected":false},"excerpt":{"rendered":"<p>Insisten en que la Ley no est\u00e1 sustentada por un criterio pedag\u00f3gico <\/p>\n","protected":false},"author":0,"featured_media":13313,"comment_status":"open","ping_status":"open","sticky":false,"template":"","format":"standard","meta":{"_acf_changed":false,"footnotes":""},"categories":[1],"tags":[],"class_list":["post-13312","post","type-post","status-publish","format-standard","has-post-thumbnail","hentry","category-sin-categoria"],"acf":{"ser_id":"RLP2INPUJNHDZADRI4RSK4WHTU","ser_url":"https:\/\/cadenaser.com\/comunitat-valenciana\/2025\/02\/25\/directores-de-primaria-y-secundaria-de-alicante-piden-un-pacto-por-la-educacion-ante-la-votacion-por-la-lengua-base-radio-alicante\/"},"_links":{"self":[{"href":"https:\/\/serbenidorm.daliisolutions.com\/index.php\/wp-json\/wp\/v2\/posts\/13312","targetHints":{"allow":["GET"]}}],"collection":[{"href":"https:\/\/serbenidorm.daliisolutions.com\/index.php\/wp-json\/wp\/v2\/posts"}],"about":[{"href":"https:\/\/serbenidorm.daliisolutions.com\/index.php\/wp-json\/wp\/v2\/types\/post"}],"replies":[{"embeddable":true,"href":"https:\/\/serbenidorm.daliisolutions.com\/index.php\/wp-json\/wp\/v2\/comments?post=13312"}],"version-history":[{"count":0,"href":"https:\/\/serbenidorm.daliisolutions.com\/index.php\/wp-json\/wp\/v2\/posts\/13312\/revisions"}],"wp:featuredmedia":[{"embeddable":true,"href":"https:\/\/serbenidorm.daliisolutions.com\/index.php\/wp-json\/wp\/v2\/media\/13313"}],"wp:attachment":[{"href":"https:\/\/serbenidorm.daliisolutions.com\/index.php\/wp-json\/wp\/v2\/media?parent=13312"}],"wp:term":[{"taxonomy":"category","embeddable":true,"href":"https:\/\/serbenidorm.daliisolutions.com\/index.php\/wp-json\/wp\/v2\/categories?post=13312"},{"taxonomy":"post_tag","embeddable":true,"href":"https:\/\/serbenidorm.daliisolutions.com\/index.php\/wp-json\/wp\/v2\/tags?post=13312"}],"curies":[{"name":"wp","href":"https:\/\/api.w.org\/{rel}","templated":true}]}}