{"id":13336,"date":"2025-02-26T20:33:36","date_gmt":"2025-02-26T19:33:36","guid":{"rendered":"https:\/\/serbenidorm.daliisolutions.com\/index.php\/2025\/02\/26\/el-ii-maror-fest-de-la-vila-joiosa-confirma-a-rozalen-mushka-o-muchachito-bombo-inferno\/"},"modified":"2025-02-26T20:33:36","modified_gmt":"2025-02-26T19:33:36","slug":"el-ii-maror-fest-de-la-vila-joiosa-confirma-a-rozalen-mushka-o-muchachito-bombo-inferno","status":"publish","type":"post","link":"https:\/\/serbenidorm.daliisolutions.com\/index.php\/2025\/02\/26\/el-ii-maror-fest-de-la-vila-joiosa-confirma-a-rozalen-mushka-o-muchachito-bombo-inferno\/","title":{"rendered":"El II Maror Fest de La Vila Joiosa confirma a Rozal\u00e9n, Mushka o Muchachito Bombo Inferno"},"content":{"rendered":"  <p><div data-adtype=\"MLDB\"><\/div><\/p>   <p>La Vila Joiosa<\/p>   <p>El 27 y 28 de junio la playa de la Antoneta de La Vila Joiosa volver\u00e1 a acoger el Maror Fest que, en su segunda edici\u00f3n, amplia a dos, los d\u00edas de concierto y convoca un concurso de talentos para bandas locales.<\/p>   <p><a href=\"https:\/\/cadenaser.com\/comunitat-valenciana\/2024\/06\/03\/el-cantante-de-la-fumiga-promociona-el-primer-maror-fest-en-la-vila-joiosa-visitando-centros-educativos-radio-benidorm\/\" target=\"_blank\" rel=\"nofollow\" title=\"https:\/\/cadenaser.com\/comunitat-valenciana\/2024\/06\/03\/el-cantante-de-la-fumiga-promociona-el-primer-maror-fest-en-la-vila-joiosa-visitando-centros-educativos-radio-benidorm\/\">Un festival \u00abque va a gustar a todos los miembros de la familia, <\/a>por el ambiente, el entorno y la m\u00fasica\u00bb como as\u00ed lo ha asegurado sus organizadores en <a href=\"https:\/\/radiobenidorm.es\" target=\"_blank\" rel=\"nofollow\" title=\"https:\/\/radiobenidorm.es\">Hoy por Hoy Benidorm<\/a>, cuyo cartel encabezan nombres como Rozalen, The Tyets, Muchachito Bombo Inferno o el grupo local Sant Gatxo. Tambi\u00e9n actuar\u00e1n Julieta, Marlena, Auxili, Malifeta, Suu o Abril.<\/p>   <p>Hoy por Hoy Benidorm se ha trasladado a la Finca la Barbera de La Vila Joiosa, donde se ha realizado la presentaci\u00f3n del evento, para hablar con sus organizadores Pepe Ten y Rafa Baez. \u00abYa el a\u00f1o pasado con el \u00e9xito que tuvo la primera edici\u00f3n del Maror Fest vimos que eran necesarios dos d\u00edas para ofrecer la mejor experiencia\u00bb, han asegurado a Radio Benidorm. <\/p>  <p><figure><img decoding=\"async\" src=\"https:\/\/cadenaser.com\/resizer\/v2\/4Q5A6OFT7NCSHBMRUYJQDSZGJE.jpg?auth=dd87a5ab91d4eb0e4b92ca51e82cdf3928cfb0e8e2d7780c8a99310ab5a76144&amp;quality=70&amp;width=650&amp;height=365&amp;smart=true\" width=\"16\" height=\"9\" loading=\"lazy\" \/><\/figure><button class=\"bt-am\">Ampliar<\/button><div class=\"lb d-none\"><div><figure><img loading=\"lazy\" decoding=\"async\" src=\"https:\/\/cadenaser.com\/resizer\/v2\/4Q5A6OFT7NCSHBMRUYJQDSZGJE.jpg?auth=dd87a5ab91d4eb0e4b92ca51e82cdf3928cfb0e8e2d7780c8a99310ab5a76144\" width=\"16\" height=\"9\" \/><\/figure><button>Cerrar<\/button><\/div><\/div><\/p>   <p>Paco L\u00f3pez y Juan Carlos Bou, del grupo vilero Sant Gatxo, han adelantado que \u00abvamos a ofrecer ese nuevo sonido en el que estamos trabajando en la banda desde que nos hemos vuelto a juntar, sin perder nunca nuestra esencia rockera\u00bb durante su actuaci\u00f3n en el Maror Fest. <\/p>   <p>Adem\u00e1s<a href=\"https:\/\/cadenaser.com\/comunitat-valenciana\/2024\/03\/11\/llega-el-15-de-junio-a-la-vila-joiosa-el-maror-festival-con-musica-pop-y-rock-en-valenciano-y-castellano-radio-benidorm\/\" target=\"_blank\" rel=\"nofollow\" title=\"https:\/\/cadenaser.com\/comunitat-valenciana\/2024\/03\/11\/llega-el-15-de-junio-a-la-vila-joiosa-el-maror-festival-con-musica-pop-y-rock-en-valenciano-y-castellano-radio-benidorm\/\"> el concejal de Juventud, Carlos Soler, <\/a>ha explicado que \u00abquer\u00edamos apostar por las bandas locales y darles visibilidad a muchos artistas que ahora no la tienen y por eso hemos convocado La Vila Talent Fest, cuyo primer premio es, precisamente, actuar en el Maror Fest\u00bb. <\/p>   <p>     .c-w{         max-width:444px;         width:100%;         margin:32px auto;      background:#00755E;         border-radius:4px;         display:flex;         align-items:center;         justify-content:center;     }     .c-w a{         display:flex;         align-items:center;         justify-content:center;         padding:4px 24px;     }     .c-w img{         width:24px;         margin-right:12px;     }     .c-w p{         font:18px\/25px Poppins;         text-align:center;         color:#fff;         margin:0;     }     @media (max-width:444px){         .c-w a{             padding:4px 12px;         }         .c-w img{             width:24px;             margin-right:8px;         }         .c-w p{             font:14px\/25px Poppins;         }     }     @media (max-width:335px){         .c-w p{             font:13px\/25px Poppins;         }     }  <div class=\"c-w\">     <a href=\"https:\/\/www.whatsapp.com\/channel\/0029Va633PF9WtC4l7XUzh1e\" rel=\"nofollow\" target=\"_blank\">         <img decoding=\"async\" src=\"https:\/\/cadenaser.com\/estaticos\/recursosgraficos\/responsive\/img\/ico-whatsapp.svg\" alt=\"Whatsapp\">         <p>\u00danete al <b>canal de WhatsApp<\/b> de la SER<\/p>     <\/a> <\/div><\/p>   <p>Los artistas interesados se pueden inscribir en la web <a href=\"http:\/\/www.marorfest.com\/\" target=\"_blank\" rel=\"nofollow\"><u>www.marorfest.com<\/u><\/a>del 3 al 10 de marzo. El pr\u00f3ximo 4 de abril se celebrar\u00e1 la gran final en el Teatre Auditori de Villajoyosa y el grupo musical ganador formar\u00e1 parte del cartel del Maror Festival 2025 y actuar\u00e1 en su escenario el 27 de junio. <\/p>   <p>Otra de las novedades es que el mercado gastron\u00f3mico La Vila Street Food Market se instalar\u00e1 del jueves 3 al 6 de julio, el fin de semana siguiente a la celebraci\u00f3n del Maror Festival en la misma ubicaci\u00f3n. <\/p>   <p>Las entradas para la segunda edici\u00f3n de Maror Festival 2025 los d\u00edas 27 y 28 de junio ya est\u00e1n a la venta en la web <a href=\"http:\/\/www.marorfest.com\/\" target=\"_blank\" rel=\"nofollow\"><u>marorfest.com<\/u><\/a>.<\/p> ","protected":false},"excerpt":{"rendered":"<p>El festival ampl\u00eda a dos d\u00edas su duraci\u00f3n e incluye un \u201ctalent show\u201d<\/p>\n","protected":false},"author":0,"featured_media":13337,"comment_status":"open","ping_status":"open","sticky":false,"template":"","format":"standard","meta":{"_acf_changed":false,"footnotes":""},"categories":[1],"tags":[],"class_list":["post-13336","post","type-post","status-publish","format-standard","has-post-thumbnail","hentry","category-sin-categoria"],"acf":{"ser_id":"TXIEGR7HSBDFFJ2ZCOLMYQK6NQ","ser_url":"https:\/\/cadenaser.com\/comunitat-valenciana\/2025\/02\/26\/el-ii-maror-fest-de-la-vila-joiosa-confirma-a-rozalen-mushka-o-muchachito-bombo-inferno-radio-benidorm\/"},"_links":{"self":[{"href":"https:\/\/serbenidorm.daliisolutions.com\/index.php\/wp-json\/wp\/v2\/posts\/13336","targetHints":{"allow":["GET"]}}],"collection":[{"href":"https:\/\/serbenidorm.daliisolutions.com\/index.php\/wp-json\/wp\/v2\/posts"}],"about":[{"href":"https:\/\/serbenidorm.daliisolutions.com\/index.php\/wp-json\/wp\/v2\/types\/post"}],"replies":[{"embeddable":true,"href":"https:\/\/serbenidorm.daliisolutions.com\/index.php\/wp-json\/wp\/v2\/comments?post=13336"}],"version-history":[{"count":0,"href":"https:\/\/serbenidorm.daliisolutions.com\/index.php\/wp-json\/wp\/v2\/posts\/13336\/revisions"}],"wp:featuredmedia":[{"embeddable":true,"href":"https:\/\/serbenidorm.daliisolutions.com\/index.php\/wp-json\/wp\/v2\/media\/13337"}],"wp:attachment":[{"href":"https:\/\/serbenidorm.daliisolutions.com\/index.php\/wp-json\/wp\/v2\/media?parent=13336"}],"wp:term":[{"taxonomy":"category","embeddable":true,"href":"https:\/\/serbenidorm.daliisolutions.com\/index.php\/wp-json\/wp\/v2\/categories?post=13336"},{"taxonomy":"post_tag","embeddable":true,"href":"https:\/\/serbenidorm.daliisolutions.com\/index.php\/wp-json\/wp\/v2\/tags?post=13336"}],"curies":[{"name":"wp","href":"https:\/\/api.w.org\/{rel}","templated":true}]}}