{"id":13338,"date":"2025-02-26T20:33:37","date_gmt":"2025-02-26T19:33:37","guid":{"rendered":"https:\/\/serbenidorm.daliisolutions.com\/index.php\/2025\/02\/26\/la-cara-y-la-cruz-del-reciclaje-en-benidorm\/"},"modified":"2025-02-26T20:33:37","modified_gmt":"2025-02-26T19:33:37","slug":"la-cara-y-la-cruz-del-reciclaje-en-benidorm","status":"publish","type":"post","link":"https:\/\/serbenidorm.daliisolutions.com\/index.php\/2025\/02\/26\/la-cara-y-la-cruz-del-reciclaje-en-benidorm\/","title":{"rendered":"La cara y la cruz del reciclaje en Benidorm"},"content":{"rendered":"  <p><div data-adtype=\"MLDB\"><\/div><\/p>   <p>Benidorm<\/p>   <p>Benidorm sigue incrementando a\u00f1o a a\u00f1o los \u00edndices y porcentajes de segregaci\u00f3n de residuos en origen seg\u00fan los datos que maneja la Concejal\u00eda de Medio Ambiente. Los datos referidos al a\u00f1o 2024 que hemos conocido este mi\u00e9rcoles han indicado que en ese tiempo volvieron a aumentar los kilos de recogida selectiva de residuos, que es la que realiza el ciudadano mediante el reciclaje en su casa. <\/p>   <p>En concreto, el a\u00f1o pasado se mejoraron los datos en cuanto a la recogida de papel cart\u00f3n y envases y se registr\u00f3 un ligero descenso en el vidrio \u00absi bien el \u00edndice en este caso se sigue manteniendo muy por encima de la media nacional\u00bb, como ha explicado la responsable del \u00e1rea <a href=\"https:\/\/cadenaser.com\/tag\/benidorm\/a\/\" target=\"_blank\">M\u00f3nica G\u00f3mez<\/a>.<\/p>   <p>As\u00ed, en cuanto a los datos obtenidos sobre la recogida de papel cart\u00f3n, estos indican que el a\u00f1o pasado se recogieron 1.649.460 kilos, lo que supone un aumento del 9,83% sobre el a\u00f1o 2023. Como curiosidad, el mes con mejores datos fue el de agosto, en el que se recogieron 198.520 kilos. Enero, por el contrario, fue el mes con menos kilos recogidos con 101.520.<\/p>  <p><p>M\u00e1s informaci\u00f3n<\/p><figure><img loading=\"lazy\" decoding=\"async\" src=\"https:\/\/cadenaser.com\/resizer\/v2\/GNU4V57JVVCOPC6IEPAXH4RK5U.jpg?auth=d1a70463cd8592691619f13dc4ebee3ec3a6ef321e7a0a125b08acefa3441717&amp;quality=70&amp;width=360&amp;height=202&amp;smart=true\" width=\"820\" height=\"621\" \/><\/figure><ul><li><a href=\"https:\/\/cadenaser.com\/comunitat-valenciana\/2025\/02\/20\/benidorm-ya-exhibe-en-la-plaza-triangular-el-distintivo-pionero-verde-2025-de-la-comision-europea-radio-benidorm\/\"><span>Benidorm ya exhibe en la plaza Triangular el distintivo Pionero Verde 2025 de la Comisi\u00f3n Europea<\/span><\/a><\/li><\/ul><\/p>   <p>Tambi\u00e9n se registr\u00f3 un aumento en la recogida de envases. En concreto en 2024 la cifra alcanz\u00f3 los 872.840 kilos, un 4,89% m\u00e1s que en 2023. En este caso, tambi\u00e9n el mes de agosto fue el que mejores datos arroj\u00f3, con un total de 100.960 kilos. En el lado opuesto estuvo el mes de diciembre con 58.740 kilos.<\/p>   <p>Por lo que hace referencia a la recogida de vidrio, este aspecto experiment\u00f3 un ligero descenso. As\u00ed, el a\u00f1o pasado se recogieron 3.388.040 kilos, mientras que un a\u00f1o antes el dato fue de 3.835.620 kilos. <\/p>   <p>     .c-w{         max-width:444px;         width:100%;         margin:32px auto;      background:#00755E;         border-radius:4px;         display:flex;         align-items:center;         justify-content:center;     }     .c-w a{         display:flex;         align-items:center;         justify-content:center;         padding:4px 24px;     }     .c-w img{         width:24px;         margin-right:12px;     }     .c-w p{         font:18px\/25px Poppins;         text-align:center;         color:#fff;         margin:0;     }     @media (max-width:444px){         .c-w a{             padding:4px 12px;         }         .c-w img{             width:24px;             margin-right:8px;         }         .c-w p{             font:14px\/25px Poppins;         }     }     @media (max-width:335px){         .c-w p{             font:13px\/25px Poppins;         }     }  <div class=\"c-w\">     <a href=\"https:\/\/www.whatsapp.com\/channel\/0029Va633PF9WtC4l7XUzh1e\" rel=\"nofollow\" target=\"_blank\">         <img decoding=\"async\" src=\"https:\/\/cadenaser.com\/estaticos\/recursosgraficos\/responsive\/img\/ico-whatsapp.svg\" alt=\"Whatsapp\">         <p>\u00danete al <b>canal de WhatsApp<\/b> de la SER<\/p>     <\/a> <\/div><\/p>   <p>Pese al ligero descenso y seg\u00fan los datos de Ecovidrio, la media nacional de reciclaje de vidrio se encuentra en 19,2 kilos por habitante y a\u00f1o, mientras que en Benidorm supera los 50 por habitante y a\u00f1o. En 2024, junio fue el mes con mayores datos de recogida, con 410.790 kilos, frente a los 248.460 del mes de enero, que fue el de menor cifra de recogida.<\/p> ","protected":false},"excerpt":{"rendered":"<p>Los datos del vidrio arrojan un ligero descenso sobre 2023, aunque se mantienen muy por encima de la media nacional <\/p>\n","protected":false},"author":0,"featured_media":13339,"comment_status":"open","ping_status":"open","sticky":false,"template":"","format":"standard","meta":{"_acf_changed":false,"footnotes":""},"categories":[1],"tags":[],"class_list":["post-13338","post","type-post","status-publish","format-standard","has-post-thumbnail","hentry","category-sin-categoria"],"acf":{"ser_id":"DQ6P34CK6JAURCWA2HC5WY7Q4Q","ser_url":"https:\/\/cadenaser.com\/comunitat-valenciana\/2025\/02\/26\/la-cara-y-la-cruz-del-reciclaje-en-benidorm-radio-benidorm\/"},"_links":{"self":[{"href":"https:\/\/serbenidorm.daliisolutions.com\/index.php\/wp-json\/wp\/v2\/posts\/13338","targetHints":{"allow":["GET"]}}],"collection":[{"href":"https:\/\/serbenidorm.daliisolutions.com\/index.php\/wp-json\/wp\/v2\/posts"}],"about":[{"href":"https:\/\/serbenidorm.daliisolutions.com\/index.php\/wp-json\/wp\/v2\/types\/post"}],"replies":[{"embeddable":true,"href":"https:\/\/serbenidorm.daliisolutions.com\/index.php\/wp-json\/wp\/v2\/comments?post=13338"}],"version-history":[{"count":0,"href":"https:\/\/serbenidorm.daliisolutions.com\/index.php\/wp-json\/wp\/v2\/posts\/13338\/revisions"}],"wp:featuredmedia":[{"embeddable":true,"href":"https:\/\/serbenidorm.daliisolutions.com\/index.php\/wp-json\/wp\/v2\/media\/13339"}],"wp:attachment":[{"href":"https:\/\/serbenidorm.daliisolutions.com\/index.php\/wp-json\/wp\/v2\/media?parent=13338"}],"wp:term":[{"taxonomy":"category","embeddable":true,"href":"https:\/\/serbenidorm.daliisolutions.com\/index.php\/wp-json\/wp\/v2\/categories?post=13338"},{"taxonomy":"post_tag","embeddable":true,"href":"https:\/\/serbenidorm.daliisolutions.com\/index.php\/wp-json\/wp\/v2\/tags?post=13338"}],"curies":[{"name":"wp","href":"https:\/\/api.w.org\/{rel}","templated":true}]}}