{"id":13347,"date":"2025-02-27T15:23:48","date_gmt":"2025-02-27T14:23:48","guid":{"rendered":"https:\/\/serbenidorm.daliisolutions.com\/index.php\/2025\/02\/27\/carnaval-en-benidorm-y-la-marina-baixa-la-lluvia-amenaza-los-desfiles-y-ya-hay-cancelaciones\/"},"modified":"2025-02-27T15:23:48","modified_gmt":"2025-02-27T14:23:48","slug":"carnaval-en-benidorm-y-la-marina-baixa-la-lluvia-amenaza-los-desfiles-y-ya-hay-cancelaciones","status":"publish","type":"post","link":"https:\/\/serbenidorm.daliisolutions.com\/index.php\/2025\/02\/27\/carnaval-en-benidorm-y-la-marina-baixa-la-lluvia-amenaza-los-desfiles-y-ya-hay-cancelaciones\/","title":{"rendered":"Carnaval en Benidorm y la Marina Baixa: la lluvia amenaza los desfiles y ya hay cancelaciones"},"content":{"rendered":"  <p><div data-adtype=\"MLDB\"><\/div><\/p>   <p>Benidorm<\/p>   <p>Este s\u00e1bado, primero de marzo, concentra la mayor\u00eda de celebraciones de carnaval en la Marina Baixa y las previsiones meteorol\u00f3gicas, lejos de cambiar a lo largo de esta semana, han ido incrementando el peso de lluvia durante toda esa jornada.<\/p>   <p>La Agencia Estatal de Meteorolog\u00eda (Aemet) ha activado la alerta amarilla por fen\u00f3menos costeros y recoge una probabilidad casi completa de que se produzcan <a href=\"https:\/\/cadenaser.com\/tag\/comarca_la_marina_baixa\/a\/\" target=\"_blank\">precipitaciones a lo largo de todo el d\u00eda en distintos puntos de la comarca como Benidorm, donde podr\u00edan caer hasta 40 litros por metro cuadrado<\/a>.<\/p>  <p><p>M\u00e1s informaci\u00f3n<\/p><figure><img loading=\"lazy\" decoding=\"async\" src=\"https:\/\/cadenaser.com\/resizer\/v2\/K7DTJWJSERB53K2NZ3X3ALXQQI.jpg?auth=1ef900ec5a7633d679a545ca8eb983f54b41f4d9a1714bc3a4be4a2f370281a9&amp;quality=70&amp;width=360&amp;height=202&amp;smart=true\" width=\"820\" height=\"621\" \/><\/figure><ul><li><a href=\"https:\/\/cadenaser.com\/comunitat-valenciana\/2025\/02\/26\/la-cara-y-la-cruz-del-reciclaje-en-benidorm-radio-benidorm\/\"><span>La cara y la cruz del reciclaje en Benidorm<\/span><\/a><\/li><\/ul><\/p>   <p>Con los disfraces a falta del \u00faltimo detalle y en la recta de salida la gran duda es que suceder\u00e1 con los numerosos desfiles programados.<\/p>   <p>En <a href=\"https:\/\/cadenaser.com\/tag\/benidorm\/a\/\" target=\"_blank\">Benidorm<\/a>, por el momento, contin\u00faa el montaje de la carpa en la plaza del Ayuntamiento y no se ha tomado ninguna decisi\u00f3n todav\u00eda, al igual que sucede en <a href=\"https:\/\/cadenaser.com\/tag\/vila_joiosa\/a\/\" target=\"_blank\">La Vila Joiosa<\/a> o <a href=\"https:\/\/cadenaser.com\/tag\/finestrat\/a\/\" target=\"_blank\">Finestrat<\/a>, donde tambi\u00e9n esperan a un posible cambio de guion en lo meteorol\u00f3gico.<\/p>   <p>Sin embargo en <a href=\"https:\/\/cadenaser.com\/tag\/lalfas_del_pi\/a\/\" target=\"_blank\">l\u2019Alf\u00e0s del Pi<\/a> ya se ha cancelado oficialmente y fuentes municipales han indicado que buscan nueva fecha para los festejos; en <a href=\"https:\/\/cadenaser.com\/tag\/altea\/a\/\" target=\"_blank\">Altea<\/a> se\u00f1alan que se esperar\u00e1 a \u00faltima hora en lo relativo a Carnaval, pero ya se ha aplazado el Mercat del Convent hasta el 15 de marzo.<\/p>   <p>     .c-w{         max-width:444px;         width:100%;         margin:32px auto;      background:#00755E;         border-radius:4px;         display:flex;         align-items:center;         justify-content:center;     }     .c-w a{         display:flex;         align-items:center;         justify-content:center;         padding:4px 24px;     }     .c-w img{         width:24px;         margin-right:12px;     }     .c-w p{         font:18px\/25px Poppins;         text-align:center;         color:#fff;         margin:0;     }     @media (max-width:444px){         .c-w a{             padding:4px 12px;         }         .c-w img{             width:24px;             margin-right:8px;         }         .c-w p{             font:14px\/25px Poppins;         }     }     @media (max-width:335px){         .c-w p{             font:13px\/25px Poppins;         }     }  <div class=\"c-w\">     <a href=\"https:\/\/www.whatsapp.com\/channel\/0029Va633PF9WtC4l7XUzh1e\" rel=\"nofollow\" target=\"_blank\">         <img decoding=\"async\" src=\"https:\/\/cadenaser.com\/estaticos\/recursosgraficos\/responsive\/img\/ico-whatsapp.svg\" alt=\"Whatsapp\">         <p>\u00danete al <b>canal de WhatsApp<\/b> de la SER<\/p>     <\/a> <\/div><\/p>   <p>En <a href=\"https:\/\/cadenaser.com\/tag\/callosa_den_sarria\/a\/\" target=\"_blank\">Callosa d&#8217;En Sarri\u00e0<\/a>, como podr\u00eda ocurrir en otras localidades, se busca la alternativa cubierta para desarrollar, al menos en parte, las actividades. Si la lluvia insiste en sombrear la fiesta del color, esta se trasladar\u00e1 al interior del local de la Asociaci\u00f3n de Moros y Cristianos.<\/p> ","protected":false},"excerpt":{"rendered":"<p>La Aemet activar\u00e1 este s\u00e1bado la alerta amarilla por fen\u00f3menos costeros en el litoral de la provincia<\/p>\n","protected":false},"author":0,"featured_media":13348,"comment_status":"open","ping_status":"open","sticky":false,"template":"","format":"standard","meta":{"_acf_changed":false,"footnotes":""},"categories":[1],"tags":[],"class_list":["post-13347","post","type-post","status-publish","format-standard","has-post-thumbnail","hentry","category-sin-categoria"],"acf":{"ser_id":"AM2FJMARDRFN5DVRIUNXYGX5FY","ser_url":"https:\/\/cadenaser.com\/comunitat-valenciana\/2025\/02\/27\/carnaval-en-benidorm-y-la-marina-baixa-la-lluvia-amenaza-los-desfiles-y-ya-hay-cancelaciones-radio-benidorm\/"},"_links":{"self":[{"href":"https:\/\/serbenidorm.daliisolutions.com\/index.php\/wp-json\/wp\/v2\/posts\/13347","targetHints":{"allow":["GET"]}}],"collection":[{"href":"https:\/\/serbenidorm.daliisolutions.com\/index.php\/wp-json\/wp\/v2\/posts"}],"about":[{"href":"https:\/\/serbenidorm.daliisolutions.com\/index.php\/wp-json\/wp\/v2\/types\/post"}],"replies":[{"embeddable":true,"href":"https:\/\/serbenidorm.daliisolutions.com\/index.php\/wp-json\/wp\/v2\/comments?post=13347"}],"version-history":[{"count":0,"href":"https:\/\/serbenidorm.daliisolutions.com\/index.php\/wp-json\/wp\/v2\/posts\/13347\/revisions"}],"wp:featuredmedia":[{"embeddable":true,"href":"https:\/\/serbenidorm.daliisolutions.com\/index.php\/wp-json\/wp\/v2\/media\/13348"}],"wp:attachment":[{"href":"https:\/\/serbenidorm.daliisolutions.com\/index.php\/wp-json\/wp\/v2\/media?parent=13347"}],"wp:term":[{"taxonomy":"category","embeddable":true,"href":"https:\/\/serbenidorm.daliisolutions.com\/index.php\/wp-json\/wp\/v2\/categories?post=13347"},{"taxonomy":"post_tag","embeddable":true,"href":"https:\/\/serbenidorm.daliisolutions.com\/index.php\/wp-json\/wp\/v2\/tags?post=13347"}],"curies":[{"name":"wp","href":"https:\/\/api.w.org\/{rel}","templated":true}]}}