{"id":13349,"date":"2025-02-27T15:23:49","date_gmt":"2025-02-27T14:23:49","guid":{"rendered":"https:\/\/serbenidorm.daliisolutions.com\/index.php\/2025\/02\/27\/israel-quintanilla-el-transporte-con-drones-podria-ser-una-realidad-en-5-anos\/"},"modified":"2025-02-27T15:23:49","modified_gmt":"2025-02-27T14:23:49","slug":"israel-quintanilla-el-transporte-con-drones-podria-ser-una-realidad-en-5-anos","status":"publish","type":"post","link":"https:\/\/serbenidorm.daliisolutions.com\/index.php\/2025\/02\/27\/israel-quintanilla-el-transporte-con-drones-podria-ser-una-realidad-en-5-anos\/","title":{"rendered":"Israel Quintanilla: \u201cEl transporte con drones podr\u00eda ser una realidad en 5 a\u00f1os\u201d"},"content":{"rendered":"  <p><div data-adtype=\"MLDB\"><\/div><\/p>   <p>Benidorm<\/p>   <p>Benidorm ha acogido hoy la primera demostraci\u00f3n en Europa de un vuelo simult\u00e1neo de un aerotaxi con drones en un entorno urbano real. Un veh\u00edculo de 600 kilos de peso capaz de transportar hasta a dos pasajeros ha sobrevolado, simult\u00e1neamente con 12 drones, el \u201cskyline\u201d de la zona de Poniente de la ciudad.<\/p>   <p>El director de la Comisi\u00f3n Oficial de Drones de la Universidad Polit\u00e9cnica de Valencia y coordinador del proyecto U-ELCOME en la Comunitat Valenciana, Israel Quintanilla, en <a href=\"https:\/\/radiobenidorm.es\" target=\"_blank\" rel=\"nofollow\" title=\"https:\/\/radiobenidorm.es\">Hoy por Hoy Benidorm,<\/a> ha explicado que el transporte de pasajeros o mercanc\u00edas mediante un veh\u00edculo a\u00e9reo no tripulado \u201cpodr\u00eda ser una realidad en cuatro o cinco a\u00f1os\u201d una vez finalice el periodo de pruebas necesario para garantizar al m\u00e1ximo las condiciones de seguridad necesarias. \u201cHay que decir que todav\u00eda no est\u00e1 permitido por normativa, sino que son pruebas de validaci\u00f3n. En aviaci\u00f3n civil lo m\u00e1s prima es la seguridad operacional\u201d, aclara.<\/p>   <p>Quintanilla explica a Radio Benidorm que una de las grandes ventajas que ofrece esta tecnolog\u00eda, es que \u201cse puede hacer transporte de personas o de mercanc\u00edas y no se necesitar\u00eda un certificado de pilotaje de helic\u00f3ptero para transportarlos\u201d.<\/p>   <p>Asimismo, recuerda que el transporte con drones conlleva un desarrollo tecnol\u00f3gico que se remonta a 2014 y del que \u201conce a\u00f1os despu\u00e9s, ya est\u00e1 empezando a verse los resultados\u201d. Entre las posibilidades que ofrece, tambi\u00e9n incluye tareas de salvamento o vigilancia. De hecho, ha puesto como ejemplo a la Polic\u00eda Local de Benidorm \u201cque fue la primera<a href=\"https:\/\/cadenaser.com\/comunitat-valenciana\/2023\/03\/28\/los-drones-se-vuelven-a-encontrar-en-el-cielo-de-benidorm-radio-benidorm\/\" target=\"_blank\" rel=\"nofollow\" title=\"https:\/\/cadenaser.com\/comunitat-valenciana\/2023\/03\/28\/los-drones-se-vuelven-a-encontrar-en-el-cielo-de-benidorm-radio-benidorm\/\"> Polic\u00eda Local en este pa\u00eds que integr\u00f3 en el a\u00f1o 2016 la operativa de drones<\/a> para realizar sus actividades de vigilancia, de salvamento y de seguridad y ahora esa parte de integraci\u00f3n de drones dentro de la ciudad, en emergencias y otras aplicaciones civiles, ya es una realidad y se hace de forma natural\u201d.<\/p>   <p><div class=\"oembed twitter\"><blockquote class=\"twitter-tweet\"><p lang=\"es\" dir=\"ltr\">\ud83d\udcf9 Est\u00e1 ma\u00f1ana en Benidorm la primera simulaci\u00f3n de vuelo de un aerotaxi en Europa <a href=\"https:\/\/t.co\/JlwhctaHPJ\">pic.twitter.com\/JlwhctaHPJ<\/a><\/p>\u2014 Radio Benidorm (@RadioBenidorm) <a href=\"https:\/\/twitter.com\/RadioBenidorm\/status\/1895099354400063809?ref_src=twsrc%5Etfw\">February 27, 2025<\/a><\/blockquote>   <\/div><\/p>   <p>El coordinador del proyecto U-ELCOME en el que participan 51 socios de tres pa\u00edses (Espa\u00f1a, Francia e Italia) ha indicado que se ha elegido Benidorm para esta primera demostraci\u00f3n a\u00e9rea en Europa por su especial urbanismo \u201cy por su skyline y su \u201cescalabilidad\u201d porque hay mar, edificios altos, parques naturales, una isla y zonas diseminadas y eso nos permite despu\u00e9s trasladar esta experiencia a ciudades como Dubai o Nueva York\u201d.<\/p>   <p>     .c-w{         max-width:444px;         width:100%;         margin:32px auto;      background:#00755E;         border-radius:4px;         display:flex;         align-items:center;         justify-content:center;     }     .c-w a{         display:flex;         align-items:center;         justify-content:center;         padding:4px 24px;     }     .c-w img{         width:24px;         margin-right:12px;     }     .c-w p{         font:18px\/25px Poppins;         text-align:center;         color:#fff;         margin:0;     }     @media (max-width:444px){         .c-w a{             padding:4px 12px;         }         .c-w img{             width:24px;             margin-right:8px;         }         .c-w p{             font:14px\/25px Poppins;         }     }     @media (max-width:335px){         .c-w p{             font:13px\/25px Poppins;         }     }  <div class=\"c-w\">     <a href=\"https:\/\/www.whatsapp.com\/channel\/0029Va633PF9WtC4l7XUzh1e\" rel=\"nofollow\" target=\"_blank\">         <img decoding=\"async\" src=\"https:\/\/cadenaser.com\/estaticos\/recursosgraficos\/responsive\/img\/ico-whatsapp.svg\" alt=\"Whatsapp\">         <p>\u00danete al <b>canal de WhatsApp<\/b> de la SER<\/p>     <\/a> <\/div><\/p>   <p>Adem\u00e1s, Quintanilla ha destacado la buena disposici\u00f3n del Ayuntamiento benidorm\u00ed \u201cpara colaborar con el proyecto que permitido que <a href=\"https:\/\/cadenaser.com\/comunitat-valenciana\/2023\/11\/22\/europa-lleva-al-limite-los-drones-en-benidorm-radio-benidorm\/\" target=\"_blank\" rel=\"nofollow\" title=\"https:\/\/cadenaser.com\/comunitat-valenciana\/2023\/11\/22\/europa-lleva-al-limite-los-drones-en-benidorm-radio-benidorm\/\">la ciudad sea la que m\u00e1s vuelos de drones de proyectos de investigaci\u00f3n y desarrollo acoge en Espa\u00f1a\u201d.<\/a><\/p>   <p> <\/p> ","protected":false},"excerpt":{"rendered":"<p>Benidorm, primera ciudad de Europa en probar un dron de transporte de pasajeros<\/p>\n","protected":false},"author":0,"featured_media":13350,"comment_status":"open","ping_status":"open","sticky":false,"template":"","format":"standard","meta":{"_acf_changed":false,"footnotes":""},"categories":[1],"tags":[],"class_list":["post-13349","post","type-post","status-publish","format-standard","has-post-thumbnail","hentry","category-sin-categoria"],"acf":{"ser_id":"U7ABPEFKABCUTDI4FZVA4XBS6I","ser_url":"https:\/\/cadenaser.com\/comunitat-valenciana\/2025\/02\/27\/israel-quintanilla-el-transporte-con-drones-podria-ser-una-realidad-en-5-anos-radio-benidorm\/"},"_links":{"self":[{"href":"https:\/\/serbenidorm.daliisolutions.com\/index.php\/wp-json\/wp\/v2\/posts\/13349","targetHints":{"allow":["GET"]}}],"collection":[{"href":"https:\/\/serbenidorm.daliisolutions.com\/index.php\/wp-json\/wp\/v2\/posts"}],"about":[{"href":"https:\/\/serbenidorm.daliisolutions.com\/index.php\/wp-json\/wp\/v2\/types\/post"}],"replies":[{"embeddable":true,"href":"https:\/\/serbenidorm.daliisolutions.com\/index.php\/wp-json\/wp\/v2\/comments?post=13349"}],"version-history":[{"count":0,"href":"https:\/\/serbenidorm.daliisolutions.com\/index.php\/wp-json\/wp\/v2\/posts\/13349\/revisions"}],"wp:featuredmedia":[{"embeddable":true,"href":"https:\/\/serbenidorm.daliisolutions.com\/index.php\/wp-json\/wp\/v2\/media\/13350"}],"wp:attachment":[{"href":"https:\/\/serbenidorm.daliisolutions.com\/index.php\/wp-json\/wp\/v2\/media?parent=13349"}],"wp:term":[{"taxonomy":"category","embeddable":true,"href":"https:\/\/serbenidorm.daliisolutions.com\/index.php\/wp-json\/wp\/v2\/categories?post=13349"},{"taxonomy":"post_tag","embeddable":true,"href":"https:\/\/serbenidorm.daliisolutions.com\/index.php\/wp-json\/wp\/v2\/tags?post=13349"}],"curies":[{"name":"wp","href":"https:\/\/api.w.org\/{rel}","templated":true}]}}