{"id":13351,"date":"2025-02-27T19:57:06","date_gmt":"2025-02-27T18:57:06","guid":{"rendered":"https:\/\/serbenidorm.daliisolutions.com\/index.php\/2025\/02\/27\/una-orquesta-alemana-la-ultima-cita-de-altea-con-beethoven\/"},"modified":"2025-02-27T19:57:06","modified_gmt":"2025-02-27T18:57:06","slug":"una-orquesta-alemana-la-ultima-cita-de-altea-con-beethoven","status":"publish","type":"post","link":"https:\/\/serbenidorm.daliisolutions.com\/index.php\/2025\/02\/27\/una-orquesta-alemana-la-ultima-cita-de-altea-con-beethoven\/","title":{"rendered":"Una orquesta alemana, la \u00faltima cita de Altea con Beethoven"},"content":{"rendered":"  <p><div data-adtype=\"MLDB\"><\/div><\/p>   <p>Altea<\/p>   <p>El Beethoven Fest cumple cinco ediciones en Altea. El festival que surgi\u00f3 para conmemorar el 250 aniversario del nacimiento del compositor no solo ha sobrevivido a la obligada parada de la pandemia sino que adem\u00e1s ha ido ganando adeptos a\u00f1o tras a\u00f1o llenando la Casa de Cultura con cada uno de sus propuestas.<\/p>   <p>Ese es el motivo principal, ha explicado su coordinador Marcos Ivorra en<a href=\"https:\/\/cadenaser.com\/tag\/comarca_la_marina_baixa\/a\/\" target=\"_blank\"> La Ventana de la Marina Baixa<\/a>, para que de cara a esta cita se pensara en una nueva propuesta de car\u00e1cter internacional y a celebrar en un espacio con mucho m\u00e1s aforo como el Palau Altea.<\/p>  <p><p>M\u00e1s informaci\u00f3n<\/p><figure><img loading=\"lazy\" decoding=\"async\" src=\"https:\/\/cadenaser.com\/resizer\/v2\/HQ43TUKMHBCXPHZFXM7QG4WRXE.jpeg?auth=e0e4cd1262097dfe8575e052f28b477826a377a82e95491bebb6d871ff901f6c&amp;quality=70&amp;width=360&amp;height=202&amp;smart=true\" width=\"820\" height=\"621\" \/><\/figure><ul><li><a href=\"\"><span>Carnaval en Benidorm y la Marina Baixa: la lluvia amenaza los desfiles y ya hay cancelaciones<\/span><\/a><\/li><\/ul><\/p>   <p>Esta cita con la m\u00fasica cl\u00e1sica ser\u00e1 el remate de la presente edici\u00f3n y tendr\u00e1 lugar este s\u00e1bado a las 19:00 horas con entrada libre y gratuita hasta completar aforo, como ha destacado la edil de Cultura Pepa Victoria P\u00e9rez, que adem\u00e1s ha confirmado su futuro apoyo a esta iniciativa.<\/p>   <p>La protagonista de esta \u00faltima cita de la villa Blanca con Ludwing Van Beethoven ser\u00e1 la orquesta de c\u00e1mara \u201cLeo kestenberg\u201d de Berl\u00edn, la capital de Alemania, pa\u00eds de origen del genio. Aunque como ha se\u00f1alado uno de los profesores de esta conjunto internacional compuesto por una treintena de m\u00fasicos, el tambi\u00e9n alteano Marcos Gomis, no solo se interpretar\u00e1n piezas de Beethoven.<\/p>   <p>Junto al viol\u00edn de Iskandar Widjajam y dirigida por Alexander Ramm, la orquesta introducir\u00e1 tambi\u00e9n propuestas m\u00e1s lejanas y desconocidos: \u00abEl programa va a incorporar tambi\u00e9n motivos de composiciones tradicionales indonesias\u00bb y alguna sorpresa para los espectadores que acudan este s\u00e1bado al Palau de Altea.<\/p>   <p>     .c-w{         max-width:444px;         width:100%;         margin:32px auto;      background:#00755E;         border-radius:4px;         display:flex;         align-items:center;         justify-content:center;     }     .c-w a{         display:flex;         align-items:center;         justify-content:center;         padding:4px 24px;     }     .c-w img{         width:24px;         margin-right:12px;     }     .c-w p{         font:18px\/25px Poppins;         text-align:center;         color:#fff;         margin:0;     }     @media (max-width:444px){         .c-w a{             padding:4px 12px;         }         .c-w img{             width:24px;             margin-right:8px;         }         .c-w p{             font:14px\/25px Poppins;         }     }     @media (max-width:335px){         .c-w p{             font:13px\/25px Poppins;         }     }  <div class=\"c-w\">     <a href=\"https:\/\/www.whatsapp.com\/channel\/0029Va633PF9WtC4l7XUzh1e\" rel=\"nofollow\" target=\"_blank\">         <img decoding=\"async\" src=\"https:\/\/cadenaser.com\/estaticos\/recursosgraficos\/responsive\/img\/ico-whatsapp.svg\" alt=\"Whatsapp\">         <p>\u00danete al <b>canal de WhatsApp<\/b> de la SER<\/p>     <\/a> <\/div><\/p> ","protected":false},"excerpt":{"rendered":"<p>El \u00faltimo concierto del festival, este s\u00e1bado en el Palau Altea<\/p>\n","protected":false},"author":0,"featured_media":13352,"comment_status":"open","ping_status":"open","sticky":false,"template":"","format":"standard","meta":{"_acf_changed":false,"footnotes":""},"categories":[1],"tags":[],"class_list":["post-13351","post","type-post","status-publish","format-standard","has-post-thumbnail","hentry","category-sin-categoria"],"acf":{"ser_id":"4VPPR3LUJRCLVGR5H4OLTONMM4","ser_url":"https:\/\/cadenaser.com\/comunitat-valenciana\/2025\/02\/27\/una-orquesta-alemana-la-ultima-cita-de-altea-con-beethoven-radio-benidorm\/"},"_links":{"self":[{"href":"https:\/\/serbenidorm.daliisolutions.com\/index.php\/wp-json\/wp\/v2\/posts\/13351","targetHints":{"allow":["GET"]}}],"collection":[{"href":"https:\/\/serbenidorm.daliisolutions.com\/index.php\/wp-json\/wp\/v2\/posts"}],"about":[{"href":"https:\/\/serbenidorm.daliisolutions.com\/index.php\/wp-json\/wp\/v2\/types\/post"}],"replies":[{"embeddable":true,"href":"https:\/\/serbenidorm.daliisolutions.com\/index.php\/wp-json\/wp\/v2\/comments?post=13351"}],"version-history":[{"count":0,"href":"https:\/\/serbenidorm.daliisolutions.com\/index.php\/wp-json\/wp\/v2\/posts\/13351\/revisions"}],"wp:featuredmedia":[{"embeddable":true,"href":"https:\/\/serbenidorm.daliisolutions.com\/index.php\/wp-json\/wp\/v2\/media\/13352"}],"wp:attachment":[{"href":"https:\/\/serbenidorm.daliisolutions.com\/index.php\/wp-json\/wp\/v2\/media?parent=13351"}],"wp:term":[{"taxonomy":"category","embeddable":true,"href":"https:\/\/serbenidorm.daliisolutions.com\/index.php\/wp-json\/wp\/v2\/categories?post=13351"},{"taxonomy":"post_tag","embeddable":true,"href":"https:\/\/serbenidorm.daliisolutions.com\/index.php\/wp-json\/wp\/v2\/tags?post=13351"}],"curies":[{"name":"wp","href":"https:\/\/api.w.org\/{rel}","templated":true}]}}