{"id":13353,"date":"2025-02-28T14:44:39","date_gmt":"2025-02-28T13:44:39","guid":{"rendered":"https:\/\/serbenidorm.daliisolutions.com\/index.php\/2025\/02\/28\/benidorm-open-arena-asi-es-el-proyecto-para-volver-a-pedir-dinero-a-europa-y-reformar-la-plaza-de-toros\/"},"modified":"2025-02-28T14:44:39","modified_gmt":"2025-02-28T13:44:39","slug":"benidorm-open-arena-asi-es-el-proyecto-para-volver-a-pedir-dinero-a-europa-y-reformar-la-plaza-de-toros","status":"publish","type":"post","link":"https:\/\/serbenidorm.daliisolutions.com\/index.php\/2025\/02\/28\/benidorm-open-arena-asi-es-el-proyecto-para-volver-a-pedir-dinero-a-europa-y-reformar-la-plaza-de-toros\/","title":{"rendered":"Benidorm Open Arena: as\u00ed es el proyecto para volver a pedir dinero a Europa y reformar la plaza de toros"},"content":{"rendered":"  <p><div data-adtype=\"MLDB\"><\/div><\/p>   <p>Benidorm<\/p>   <p>El Ayuntamiento de Benidorm ha aprobado este viernes concurrir a una nueva convocatoria de fondos europeos con el Plan de Actuaci\u00f3n Integrado (PAI) \u2018Benidorm Open Arena\u2019, que asciende a 15 millones de euros y que \u201cse compone de tres actuaciones clave que materializan esta visi\u00f3n transformadora\u201d, seg\u00fan ha explicado el alcalde, <a href=\"https:\/\/cadenaser.com\/tag\/benidorm\/a\/\" target=\"_blank\">Toni P\u00e9rez<\/a>.<\/p>   <p>El PAI, ha informado, ya ha sido registrado y presentado en la plataforma habilitada al efecto. De un lado, \u201cla actuaci\u00f3n que hemos denominado \u2018Arena Live\u2019, que supone una inversi\u00f3n de 10,5 millones de euros, contempla la rehabilitaci\u00f3n de la plaza de toros y su conversi\u00f3n en un gran espacio multifuncional para actividades culturales, sociales y deportivas\u201d.<\/p>  <p><p>M\u00e1s informaci\u00f3n<\/p><figure><img loading=\"lazy\" decoding=\"async\" src=\"https:\/\/cadenaser.com\/resizer\/v2\/HQ43TUKMHBCXPHZFXM7QG4WRXE.jpeg?auth=e0e4cd1262097dfe8575e052f28b477826a377a82e95491bebb6d871ff901f6c&amp;quality=70&amp;width=360&amp;height=202&amp;smart=true\" width=\"820\" height=\"621\" \/><\/figure><ul><li><a href=\"https:\/\/cadenaser.com\/comunitat-valenciana\/2025\/02\/27\/carnaval-en-benidorm-y-la-marina-baixa-la-lluvia-amenaza-los-desfiles-y-ya-hay-cancelaciones-radio-benidorm\/\"><span>Se aplazan los carnavales de Benidorm, l&#8217;Alf\u00e0s del Pi y Finestrat<\/span><\/a><\/li><\/ul><\/p>   <p>A esta se suma \u2018Arena Joven\u2019, con una dotaci\u00f3n de 3 millones, \u201ccon la que se plantea la creaci\u00f3n de un centro joven, concebido como un espacio accesible y multicultural, integrador, inclusivo y din\u00e1mico para la formaci\u00f3n, el ocio y la participaci\u00f3n activa de la poblaci\u00f3n juvenil\u201d. <\/p>   <p>Y por \u00faltimo, valorado en 1,5 millones de euros, \u201cla actuaci\u00f3n \u2018Arena Encuentro\u2019, de regeneraci\u00f3n del entorno urbano para mejorar la conectividad entre el barrio de Els Tolls-Salt de l\u2019Aig\u00fca y el centro urbano, as\u00ed como la parte norte del barrio de Foietes, a trav\u00e9s de l\u2019Aig\u00fcera, mejorando tambi\u00e9n con ello la accesibilidad y la calidad de los espacios p\u00fablicos\u201d.<\/p>   <p>Seg\u00fan recoge el documento del PAI aprobado y registrado hoy, la rehabilitaci\u00f3n de la plaza de toros \u201cno se limita a su restauraci\u00f3n arquitect\u00f3nica, sino que la reconfigura como un espacio multifuncional y adaptable\u201d, en el que se combinar\u00e1n \u201csostenibilidad, est\u00e9tica y accesibilidad\u201d y que \u201cconsolidar\u00e1 un recinto capaz de evolucionar y responder a las necesidades cambiantes\u201d.<\/p>   <p>     .c-w{         max-width:444px;         width:100%;         margin:32px auto;      background:#00755E;         border-radius:4px;         display:flex;         align-items:center;         justify-content:center;     }     .c-w a{         display:flex;         align-items:center;         justify-content:center;         padding:4px 24px;     }     .c-w img{         width:24px;         margin-right:12px;     }     .c-w p{         font:18px\/25px Poppins;         text-align:center;         color:#fff;         margin:0;     }     @media (max-width:444px){         .c-w a{             padding:4px 12px;         }         .c-w img{             width:24px;             margin-right:8px;         }         .c-w p{             font:14px\/25px Poppins;         }     }     @media (max-width:335px){         .c-w p{             font:13px\/25px Poppins;         }     }  <div class=\"c-w\">     <a href=\"https:\/\/www.whatsapp.com\/channel\/0029Va633PF9WtC4l7XUzh1e\" rel=\"nofollow\" target=\"_blank\">         <img decoding=\"async\" src=\"https:\/\/cadenaser.com\/estaticos\/recursosgraficos\/responsive\/img\/ico-whatsapp.svg\" alt=\"Whatsapp\">         <p>\u00danete al <b>canal de WhatsApp<\/b> de la SER<\/p>     <\/a> <\/div><\/p>   <p>Adem\u00e1s, se convertir\u00e1 \u201cen un refugio bioclim\u00e1tico dentro del tejido urbano\u201d, y gracias a \u201ctecnolog\u00edas inteligentes de iluminaci\u00f3n, ac\u00fastica y gesti\u00f3n ambiental\u201d se minimizar\u00e1 la contaminaci\u00f3n lum\u00ednica y sonora \u201cgarantizando el equilibrio entre la actividad cultural y el bienestar urbano\u201d.<\/p>   <p>Un auditorio en condiciones<\/p>   <p>Con esta actuaci\u00f3n, la plaza de toros se convertir\u00e1 en un epicentro cultural con un escenario, un completo \u2018backstage\u2019, reconfiguraci\u00f3n de grader\u00edos, zona de carga, almacenes y espacios de \u2018hospitality, etc\u00e9tera.<\/p>   <p>As\u00ed mismo, el plan detalla que el centro juvenil polivalente del proyecto \u2018Arena Joven\u2019 actuar\u00e1 \u201ccomo HUB de innovaci\u00f3n, formaci\u00f3n y emprendimiento, ofreciendo programas especializados en competencias digitales, econom\u00eda creativa y nuevas tecnolog\u00edas\u201d, favoreciendo con ello \u201catraer talento joven\u201d y fomentar \u201credes colaborativas entre ciudadanos, visitantes y profesionales\u201d.<\/p>   <p>Concretamente, contar\u00e1 con un sal\u00f3n multiusos para eventos y exposiciones; aulas de formaci\u00f3n y talleres destinados a competencias digitales, emprendimiento y orientaci\u00f3n laboral; un espacio coworking; una sala de ocio que incluir\u00e1 videojuegos y juegos de mesa; una zona de lectura y artes con \u00e1reas para lectura, escritura, pintura y producci\u00f3n audiovisual; y un \u00e1rea deportiva y cafeter\u00eda.<\/p>   <p>Por lo que respecta a \u2018Arena Encuentro\u2019, contempla la instalaci\u00f3n de dos ascensores de alta capacidad que enlazar\u00e1n la avenida de l\u2019Aig\u00fcera con la calle Austria y la plaza de toros, incorporando adem\u00e1s una plataforma conectada a una pasarela peatonal. Adem\u00e1s, se generar\u00e1n zonas verdes y \u00e1reas de descanso, dot\u00e1ndose todo el entorno de iluminaci\u00f3n LED y sistema de gesti\u00f3n del agua.<\/p>   <p>El alcalde ha recordado que \u201cen enero de 2024 ya adelantamos que en cuanto se lanzara una nueva convocatoria de fondos europeos, el primer proyecto que \u00edbamos a recuperar era la remodelaci\u00f3n de la plaza de toros que no se pudo concretar con la EDUSI, para la cual Benidorm tuvo menos plazo de ejecuci\u00f3n que otros muchos municipios al haber sido seleccionada en la tercera convocatoria\u201d.<\/p>   <p>\u201cAhora tomamos ese proyecto y lo reconfiguramos con una visi\u00f3n m\u00e1s global e integrada para atender las necesidades de la poblaci\u00f3n, especialmente de la poblaci\u00f3n joven de Benidorm\u201d, ha recalcado.<\/p>   <p>Toni P\u00e9rez ha indicado que \u201cen caso de que nos concedan la EDIL y lleguen los fondos europeos que solicitamos, algo que esperamos, el Ayuntamiento asumir\u00e1 con recursos propios los 6 millones de euros restantes para completar este ambicioso proyecto, con el que cumplimos algunos de los objetivos espec\u00edficos incluidos en la Agenda Urbana aprobada hoy mismo en pleno y que marca la ciudad que queremos para el horizonte 2030\u201d.<\/p>   <p>De hecho, el plazo de ejecuci\u00f3n del plan \u2018Benidorm Open Arena\u2019 se extiende hasta 2029. As\u00ed, en caso de resultar seleccionado, el plan se licitar\u00eda en 2025. El cronograma de la primera actuaci\u00f3n, \u2018Arena Live\u2019, establece que durante los a\u00f1os 2026 y 2027 se proceder\u00eda a la rehabilitaci\u00f3n integral de la plaza de toros; y los dos ejercicios siguientes se completar\u00eda la parte interior de la misma. Por lo que respecta a \u2018Arena Joven\u2019, se abordar\u00eda a partir de 2027 una vez rehabilitado el exterior de la plaza de toros.<\/p>   <p>Se prev\u00e9 que se pueda poner en marcha en 2029. Por \u00faltimo, las rampas y ascensores del \u00faltimo proyecto se ejecutar\u00edan en 2028.<\/p> ","protected":false},"excerpt":{"rendered":"<p>Tras quedarse fuera de la Edusi, la reforma de esta infraestructura es la gran apuesta para los fondos Edil<\/p>\n","protected":false},"author":0,"featured_media":13354,"comment_status":"open","ping_status":"open","sticky":false,"template":"","format":"standard","meta":{"_acf_changed":false,"footnotes":""},"categories":[1],"tags":[],"class_list":["post-13353","post","type-post","status-publish","format-standard","has-post-thumbnail","hentry","category-sin-categoria"],"acf":{"ser_id":"C6QN7XFLSJBJRBRGXAPQD77CPI","ser_url":"https:\/\/cadenaser.com\/comunitat-valenciana\/2025\/02\/28\/benidorm-open-arena-asi-es-el-proyecto-para-volver-a-pedir-dinero-a-europa-y-reformar-la-plaza-de-toros-radio-benidorm\/"},"_links":{"self":[{"href":"https:\/\/serbenidorm.daliisolutions.com\/index.php\/wp-json\/wp\/v2\/posts\/13353","targetHints":{"allow":["GET"]}}],"collection":[{"href":"https:\/\/serbenidorm.daliisolutions.com\/index.php\/wp-json\/wp\/v2\/posts"}],"about":[{"href":"https:\/\/serbenidorm.daliisolutions.com\/index.php\/wp-json\/wp\/v2\/types\/post"}],"replies":[{"embeddable":true,"href":"https:\/\/serbenidorm.daliisolutions.com\/index.php\/wp-json\/wp\/v2\/comments?post=13353"}],"version-history":[{"count":0,"href":"https:\/\/serbenidorm.daliisolutions.com\/index.php\/wp-json\/wp\/v2\/posts\/13353\/revisions"}],"wp:featuredmedia":[{"embeddable":true,"href":"https:\/\/serbenidorm.daliisolutions.com\/index.php\/wp-json\/wp\/v2\/media\/13354"}],"wp:attachment":[{"href":"https:\/\/serbenidorm.daliisolutions.com\/index.php\/wp-json\/wp\/v2\/media?parent=13353"}],"wp:term":[{"taxonomy":"category","embeddable":true,"href":"https:\/\/serbenidorm.daliisolutions.com\/index.php\/wp-json\/wp\/v2\/categories?post=13353"},{"taxonomy":"post_tag","embeddable":true,"href":"https:\/\/serbenidorm.daliisolutions.com\/index.php\/wp-json\/wp\/v2\/tags?post=13353"}],"curies":[{"name":"wp","href":"https:\/\/api.w.org\/{rel}","templated":true}]}}