{"id":13355,"date":"2025-02-28T20:26:03","date_gmt":"2025-02-28T19:26:03","guid":{"rendered":"https:\/\/serbenidorm.daliisolutions.com\/index.php\/2025\/02\/28\/las-recetas-de-la-mostra-de-cuina-marinera-de-la-vila-joiosa\/"},"modified":"2025-02-28T20:26:03","modified_gmt":"2025-02-28T19:26:03","slug":"las-recetas-de-la-mostra-de-cuina-marinera-de-la-vila-joiosa","status":"publish","type":"post","link":"https:\/\/serbenidorm.daliisolutions.com\/index.php\/2025\/02\/28\/las-recetas-de-la-mostra-de-cuina-marinera-de-la-vila-joiosa\/","title":{"rendered":"Las recetas de la Mostra de Cuina Marinera de La Vila Joiosa"},"content":{"rendered":"  <p><div data-adtype=\"MLDB\"><\/div><\/p>   <p>La Vila Joiosa<\/p>   <p>Los diez restaurantes que participan este a\u00f1o en la Mostra de Cuina Marinera han presentado este viernes, a una semana del arranque del evento, sus propuestas culinarias.<\/p>   <p>Los cocineros, concentrados en el <a href=\"https:\/\/cadenaser.com\/tag\/vila_joiosa\/a\/\" target=\"_blank\">Mercat Municipal<\/a>, han dado a conocer uno de los platos de sus men\u00fas, en los que la protagonista es la gamba blanca.<\/p>  <p><p>M\u00e1s informaci\u00f3n<\/p><figure><img loading=\"lazy\" decoding=\"async\" src=\"https:\/\/cadenaser.com\/resizer\/v2\/Z6GRE2AQFFCXJGI7MODUH3KB7Q.jpeg?auth=c7603424199bec1bcc6ee3e3aed892b88934637a3970f276e095111c9d1eb5a0&amp;quality=70&amp;width=360&amp;height=202&amp;smart=true\" width=\"820\" height=\"621\" \/><\/figure><ul><li><a href=\"https:\/\/cadenaser.com\/comunitat-valenciana\/2025\/02\/27\/una-orquesta-alemana-la-ultima-cita-de-altea-con-beethoven-radio-benidorm\/\"><span>Una orquesta alemana, la \u00faltima cita de Altea con Beethoven<\/span><\/a><\/li><\/ul><\/p>   <p>Los participantes en esta edici\u00f3n que son Hogar del Pescador, El P\u00f2sit, Ca Marta, Made, DRoca, Taberna Tres 14, Casa Elordi y El Tr\u00e9bol y los que este a\u00f1o se estrenan en la Mostra, Kyomu y Cabanon by Samoky.<\/p>   <p>Durante los diez d\u00edas de la Mostra de Cuina Marinera, estos restaurantes ofrecer\u00e1n un men\u00fa en el que los protagonistas ser\u00e1n los pescados y mariscos frescos de la lonja del puerto de Villajoyosa y postres elaborados con productos de chocolate y turr\u00f3n de las f\u00e1bricas vileras.<\/p>   <p>La informaci\u00f3n sobre los men\u00fas de la Mostra de Cuina Marinera est\u00e1 disponibles en las webs <a href=\"http:\/\/www.villajoyosa.com\/\"><u>www.villajoyosa.com<\/u><\/a>y <a href=\"http:\/\/www.turismolavilajoiosa.com\/\"><u>www.turismolavilajoiosa.com<\/u><\/a>, as\u00ed como en las webs y redes sociales de los restaurantes participantes.<\/p>   <p>     .c-w{         max-width:444px;         width:100%;         margin:32px auto;      background:#00755E;         border-radius:4px;         display:flex;         align-items:center;         justify-content:center;     }     .c-w a{         display:flex;         align-items:center;         justify-content:center;         padding:4px 24px;     }     .c-w img{         width:24px;         margin-right:12px;     }     .c-w p{         font:18px\/25px Poppins;         text-align:center;         color:#fff;         margin:0;     }     @media (max-width:444px){         .c-w a{             padding:4px 12px;         }         .c-w img{             width:24px;             margin-right:8px;         }         .c-w p{             font:14px\/25px Poppins;         }     }     @media (max-width:335px){         .c-w p{             font:13px\/25px Poppins;         }     }  <div class=\"c-w\">     <a href=\"https:\/\/www.whatsapp.com\/channel\/0029Va633PF9WtC4l7XUzh1e\" rel=\"nofollow\" target=\"_blank\">         <img decoding=\"async\" src=\"https:\/\/cadenaser.com\/estaticos\/recursosgraficos\/responsive\/img\/ico-whatsapp.svg\" alt=\"Whatsapp\">         <p>\u00danete al <b>canal de WhatsApp<\/b> de la SER<\/p>     <\/a> <\/div><\/p> ","protected":false},"excerpt":{"rendered":"<p>En diez restaurantes del 7 al 16 de marzo<\/p>\n","protected":false},"author":0,"featured_media":13356,"comment_status":"open","ping_status":"open","sticky":false,"template":"","format":"standard","meta":{"_acf_changed":false,"footnotes":""},"categories":[1],"tags":[],"class_list":["post-13355","post","type-post","status-publish","format-standard","has-post-thumbnail","hentry","category-sin-categoria"],"acf":{"ser_id":"CBXDYNT655HVJGRBWPNTLATGBY","ser_url":"https:\/\/cadenaser.com\/comunitat-valenciana\/2025\/02\/28\/las-recetas-de-la-mostra-de-cuina-marinera-de-la-vila-joiosa-radio-benidorm\/"},"_links":{"self":[{"href":"https:\/\/serbenidorm.daliisolutions.com\/index.php\/wp-json\/wp\/v2\/posts\/13355","targetHints":{"allow":["GET"]}}],"collection":[{"href":"https:\/\/serbenidorm.daliisolutions.com\/index.php\/wp-json\/wp\/v2\/posts"}],"about":[{"href":"https:\/\/serbenidorm.daliisolutions.com\/index.php\/wp-json\/wp\/v2\/types\/post"}],"replies":[{"embeddable":true,"href":"https:\/\/serbenidorm.daliisolutions.com\/index.php\/wp-json\/wp\/v2\/comments?post=13355"}],"version-history":[{"count":0,"href":"https:\/\/serbenidorm.daliisolutions.com\/index.php\/wp-json\/wp\/v2\/posts\/13355\/revisions"}],"wp:featuredmedia":[{"embeddable":true,"href":"https:\/\/serbenidorm.daliisolutions.com\/index.php\/wp-json\/wp\/v2\/media\/13356"}],"wp:attachment":[{"href":"https:\/\/serbenidorm.daliisolutions.com\/index.php\/wp-json\/wp\/v2\/media?parent=13355"}],"wp:term":[{"taxonomy":"category","embeddable":true,"href":"https:\/\/serbenidorm.daliisolutions.com\/index.php\/wp-json\/wp\/v2\/categories?post=13355"},{"taxonomy":"post_tag","embeddable":true,"href":"https:\/\/serbenidorm.daliisolutions.com\/index.php\/wp-json\/wp\/v2\/tags?post=13355"}],"curies":[{"name":"wp","href":"https:\/\/api.w.org\/{rel}","templated":true}]}}