{"id":13357,"date":"2025-03-01T13:48:46","date_gmt":"2025-03-01T12:48:46","guid":{"rendered":"https:\/\/serbenidorm.daliisolutions.com\/index.php\/2025\/03\/01\/la-aitana-tour-reune-a-lo-mejor-del-ciclismo-en-su-presentacion\/"},"modified":"2025-03-01T13:48:46","modified_gmt":"2025-03-01T12:48:46","slug":"la-aitana-tour-reune-a-lo-mejor-del-ciclismo-en-su-presentacion","status":"publish","type":"post","link":"https:\/\/serbenidorm.daliisolutions.com\/index.php\/2025\/03\/01\/la-aitana-tour-reune-a-lo-mejor-del-ciclismo-en-su-presentacion\/","title":{"rendered":"La Aitana Tour re\u00fane a lo mejor del ciclismo en su presentaci\u00f3n"},"content":{"rendered":"  <p><div data-adtype=\"MLDB\"><\/div><\/p>   <p>Benidorm<\/p>   <p>\u201cEl Senza Fine, el trofeo de ganador del Giro de Italia, s\u00f3lo ha salido de mi casa en tres ocasiones en estos 25 a\u00f1os. El Tridente, el trofeo de la Tirreno-Adri\u00e1tico, no hab\u00eda salido nunca de la vitrina. Esta es la primera vez\u201d. Esas palabras fueron pronunciadas en la tarde de este viernes por Stefano Garzelli, que durante su carrera profesional sum\u00f3 un total de 35 victorias, y que este a\u00f1o 2025 se suma a la impresionante n\u00f3mina de \u2018embajadores\u2019 de la Aitana Tour, la marcha cicloturista que, tras tres ediciones ya disputadas, ha experimentado un crecimiento mete\u00f3rico y es ya una de las m\u00e1s importantes del pa\u00eds.<\/p>   <p>La cuarta cita con \u2018La Marcha\u2019 tendr\u00e1 lugar el pr\u00f3ximo d\u00eda 1 de junio (el 31 de mayo ya se podr\u00e1 disfrutar de la zona expo) y a falta de tres meses para el gran d\u00eda el Hotel Cap Negret de Altea fue el escenario de la puesta de largo de una edici\u00f3n que, adem\u00e1s de con Garzelli, volver\u00e1 a contar con Felipe Orts y \u00d3scar Pereiro como embajadores.<\/p>   <p><div class=\"oembed youtube\"><iframe loading=\"lazy\" width=\"560\" height=\"315\" src=\"https:\/\/www.youtube.com\/embed\/-FG-CZHm2II?feature=oembed\" frameborder=\"0\" allow=\"accelerometer; autoplay; clipboard-write; encrypted-media; gyroscope; picture-in-picture; web-share\" allowfullscreen title=\"Presentaci\u00f3n oficial IV edici\u00f3n Aitana Tour 2025\"><\/iframe><\/div><\/p>   <p>Todos ellos estuvieron presentes en la presentaci\u00f3n oficial. Tambi\u00e9n Pereiro, aunque en su caso los asistentes se tuvieron que conformar con una intervenci\u00f3n remota ya que el ganador del Tour de Francia de 2006 se encuentra estos d\u00edas en O Gran Cami\u00f1o, carrera gallega de categor\u00eda Elite que, como la Aitana Tour, tambi\u00e9n est\u00e1 experimentando un gran auge desde su creaci\u00f3n.<\/p>   <p><b>Dos distancias<\/b><\/p>   <p>Como gran novedad, la cuarta edici\u00f3n de la Aitana Tour presentar\u00e1 la opci\u00f3n de afrontar dos distancias. Al ya tradicional recorrido de 160 kil\u00f3metros (con 3.375 metros de desnivel positivo) se suma este a\u00f1o un medio fondo de \u2018s\u00f3lo\u2019 90 kil\u00f3metros (con 1.850 metros de desnivel positivo).<\/p>   <p>En los dos casos, nada m\u00e1s partir desde el campo de f\u00fatbol de Callosa d\u2019en Sarri\u00e0, los participantes afrontar\u00e1n el Alto de Finestrat, decisivo en la resoluci\u00f3n del Mundial de 1992 en el que Gianni Bugno obtuvo su segundo arco\u00edris. Desde all\u00ed, se subir\u00e1 el \u2018techo\u2019 de la jornada, el Alto de Tudons con sus 1.024 metros y acto seguido el Puerto de Confrides (970 metros).<\/p>   <p>     .c-w{         max-width:444px;         width:100%;         margin:32px auto;      background:#00755E;         border-radius:4px;         display:flex;         align-items:center;         justify-content:center;     }     .c-w a{         display:flex;         align-items:center;         justify-content:center;         padding:4px 24px;     }     .c-w img{         width:24px;         margin-right:12px;     }     .c-w p{         font:18px\/25px Poppins;         text-align:center;         color:#fff;         margin:0;     }     @media (max-width:444px){         .c-w a{             padding:4px 12px;         }         .c-w img{             width:24px;             margin-right:8px;         }         .c-w p{             font:14px\/25px Poppins;         }     }     @media (max-width:335px){         .c-w p{             font:13px\/25px Poppins;         }     }  <div class=\"c-w\">     <a href=\"https:\/\/www.whatsapp.com\/channel\/0029Va633PF9WtC4l7XUzh1e\" rel=\"nofollow\" target=\"_blank\">         <img decoding=\"async\" src=\"https:\/\/cadenaser.com\/estaticos\/recursosgraficos\/responsive\/img\/ico-whatsapp.svg\" alt=\"Whatsapp\">         <p>\u00danete al <b>canal de WhatsApp<\/b> de la SER<\/p>     <\/a> <\/div><\/p>   <p>Tras coronar este alto, se iniciar\u00e1 un r\u00e1pido descenso hacia Callosa, donde terminar\u00e1 la aventura de los participantes del Medio Fondo. Sin embargo, los que opten por el recorrido largo, todav\u00eda deber\u00e1n subir Sa Creueta (780 metros) y el m\u00edtico Coll de Rates (628 metros) antes de poder disfrutar del merecido descanso en meta.<\/p>   <p>Desde la organizaci\u00f3n se desvel\u00f3 que uno de los motivos de \u00e9xito de la prueba radica en el alto porcentaje de \u2018repetidores\u2019 que ha conseguido sumar. As\u00ed, seg\u00fan las encuestas de satisfacci\u00f3n de 2024, el 96% de los participantes repetir\u00edan en 2025. Esto ha provocado que a falta de tres meses para el gran d\u00eda ya se haya alcanzado la cifra de 900 dorsales, una aut\u00e9ntica barbaridad si se tiene en cuenta que, con el fin de garantizar la calidad de la prueba, la organizaci\u00f3n ha establecido en 1.200 el l\u00edmite m\u00e1ximo de inscripciones.<\/p>   <p><b>Radio Benidorm-SER, medio oficial<\/b><\/p>   <p>Un a\u00f1o m\u00e1s, la Aitana Tour y Radio Benidorm-SER unen fuerzas y esta emisora, a trav\u00e9s de su espacio deportivo diario, SER Deportivos-Marina Baixa, ser\u00e1 medio oficial de una de las marchas cicloturistas m\u00e1s j\u00f3venes y con mayor proyecci\u00f3n del pa\u00eds.<\/p> ","protected":false},"excerpt":{"rendered":"<p>Stefano Garzelli, \u00d3scar Pereiro y Felipe Orts ser\u00e1n los embajadores de la cuarta edici\u00f3n<\/p>\n","protected":false},"author":0,"featured_media":13358,"comment_status":"open","ping_status":"open","sticky":false,"template":"","format":"standard","meta":{"_acf_changed":false,"footnotes":""},"categories":[16],"tags":[],"class_list":["post-13357","post","type-post","status-publish","format-standard","has-post-thumbnail","hentry","category-deportes"],"acf":{"ser_id":"OEIETI7IQ5D73NP2PFNCRDMALU","ser_url":"https:\/\/cadenaser.com\/comunitat-valenciana\/2025\/03\/01\/la-aitana-tour-reune-a-lo-mejor-del-ciclismo-en-su-presentacion-radio-benidorm\/"},"_links":{"self":[{"href":"https:\/\/serbenidorm.daliisolutions.com\/index.php\/wp-json\/wp\/v2\/posts\/13357","targetHints":{"allow":["GET"]}}],"collection":[{"href":"https:\/\/serbenidorm.daliisolutions.com\/index.php\/wp-json\/wp\/v2\/posts"}],"about":[{"href":"https:\/\/serbenidorm.daliisolutions.com\/index.php\/wp-json\/wp\/v2\/types\/post"}],"replies":[{"embeddable":true,"href":"https:\/\/serbenidorm.daliisolutions.com\/index.php\/wp-json\/wp\/v2\/comments?post=13357"}],"version-history":[{"count":0,"href":"https:\/\/serbenidorm.daliisolutions.com\/index.php\/wp-json\/wp\/v2\/posts\/13357\/revisions"}],"wp:featuredmedia":[{"embeddable":true,"href":"https:\/\/serbenidorm.daliisolutions.com\/index.php\/wp-json\/wp\/v2\/media\/13358"}],"wp:attachment":[{"href":"https:\/\/serbenidorm.daliisolutions.com\/index.php\/wp-json\/wp\/v2\/media?parent=13357"}],"wp:term":[{"taxonomy":"category","embeddable":true,"href":"https:\/\/serbenidorm.daliisolutions.com\/index.php\/wp-json\/wp\/v2\/categories?post=13357"},{"taxonomy":"post_tag","embeddable":true,"href":"https:\/\/serbenidorm.daliisolutions.com\/index.php\/wp-json\/wp\/v2\/tags?post=13357"}],"curies":[{"name":"wp","href":"https:\/\/api.w.org\/{rel}","templated":true}]}}