{"id":13363,"date":"2025-03-03T12:19:38","date_gmt":"2025-03-03T11:19:38","guid":{"rendered":"https:\/\/serbenidorm.daliisolutions.com\/index.php\/2025\/03\/03\/juzgan-a-un-auxiliar-por-abusar-sexualmente-de-un-paciente-en-un-hospital-de-benidorm\/"},"modified":"2025-03-03T12:19:38","modified_gmt":"2025-03-03T11:19:38","slug":"juzgan-a-un-auxiliar-por-abusar-sexualmente-de-un-paciente-en-un-hospital-de-benidorm","status":"publish","type":"post","link":"https:\/\/serbenidorm.daliisolutions.com\/index.php\/2025\/03\/03\/juzgan-a-un-auxiliar-por-abusar-sexualmente-de-un-paciente-en-un-hospital-de-benidorm\/","title":{"rendered":"Juzgan a un auxiliar por abusar sexualmente de un paciente en un hospital de Benidorm"},"content":{"rendered":"  <p><div data-adtype=\"MLDB\"><\/div><\/p>   <p>Benidorm<\/p>   <p>Este martes comienza en la Audiencia Provincial de Alicante el juicio a un auxiliar de enfermer\u00eda que hac\u00eda pr\u00e1cticas en un hospital de Benidorm por abusar sexualmente de un paciente que se acababa de someter a una prueba diagn\u00f3stica.<\/p>   <p>Seg\u00fan ha informado el <a href=\"https:\/\/cadenaser.com\/tag\/tsjv_tribunal_superior_justicia_valencia\/a\/\" target=\"_blank\">Tribunal Superior de Justicia de la Comunitat Valenciana (TSJCV)<\/a> la fiscal\u00eda pide para \u00e9l 18 meses de prisi\u00f3n.<\/p>  <p><p>M\u00e1s informaci\u00f3n<\/p><figure><img loading=\"lazy\" decoding=\"async\" src=\"https:\/\/cadenaser.com\/resizer\/v2\/FI2UDWOQKNFV3CX57JG3RQMEEI.jpeg?auth=46da95ee8d4cc427e7839c344d142de9588bb722a7690cf96b01dc6a94ccabd0&amp;quality=70&amp;width=360&amp;height=202&amp;smart=true\" width=\"820\" height=\"621\" \/><\/figure><ul><li><a href=\"https:\/\/cadenaser.com\/comunitat-valenciana\/2025\/02\/25\/la-policia-detiene-en-benidorm-a-un-hombre-por-usar-el-pinchazo-para-robar-dentro-de-los-coches-radio-benidorm\/\"><span>La Polic\u00eda detiene en Benidorm a un hombre por usar el \u00abpinchazo\u00bb para robar dentro de los coches<\/span><\/a><\/li><\/ul><\/p>   <p>Los hechos ocurrieron, seg\u00fan el relato que hace el Ministerio Fiscal, la ma\u00f1ana del 26 de abril de 2022 cuando el encausado acompa\u00f1\u00f3 a la v\u00edctima hasta un box para que se vistiera y le pregunt\u00f3 si necesitaba ayuda. <\/p>   <p>El paciente le respondi\u00f3 que no; sin embargo, el auxiliar se habr\u00eda quedado en el box al lado de la v\u00edctima y sin mediar palabra, la habr\u00eda sometido a tocamientos en sus partes \u00edntimas.<\/p> ","protected":false},"excerpt":{"rendered":"<p>La Fiscal\u00eda pide 18 meses de c\u00e1rcel<\/p>\n","protected":false},"author":0,"featured_media":13364,"comment_status":"open","ping_status":"open","sticky":false,"template":"","format":"standard","meta":{"_acf_changed":false,"footnotes":""},"categories":[1],"tags":[],"class_list":["post-13363","post","type-post","status-publish","format-standard","has-post-thumbnail","hentry","category-sin-categoria"],"acf":{"ser_id":"KFQ2HFHVJFBLXN4HPGNE6OHG3Y","ser_url":"https:\/\/cadenaser.com\/comunitat-valenciana\/2025\/03\/03\/juzgan-a-un-auxiliar-por-abusar-sexualmente-de-un-paciente-en-un-hospital-de-benidorm-radio-benidorm\/"},"_links":{"self":[{"href":"https:\/\/serbenidorm.daliisolutions.com\/index.php\/wp-json\/wp\/v2\/posts\/13363","targetHints":{"allow":["GET"]}}],"collection":[{"href":"https:\/\/serbenidorm.daliisolutions.com\/index.php\/wp-json\/wp\/v2\/posts"}],"about":[{"href":"https:\/\/serbenidorm.daliisolutions.com\/index.php\/wp-json\/wp\/v2\/types\/post"}],"replies":[{"embeddable":true,"href":"https:\/\/serbenidorm.daliisolutions.com\/index.php\/wp-json\/wp\/v2\/comments?post=13363"}],"version-history":[{"count":0,"href":"https:\/\/serbenidorm.daliisolutions.com\/index.php\/wp-json\/wp\/v2\/posts\/13363\/revisions"}],"wp:featuredmedia":[{"embeddable":true,"href":"https:\/\/serbenidorm.daliisolutions.com\/index.php\/wp-json\/wp\/v2\/media\/13364"}],"wp:attachment":[{"href":"https:\/\/serbenidorm.daliisolutions.com\/index.php\/wp-json\/wp\/v2\/media?parent=13363"}],"wp:term":[{"taxonomy":"category","embeddable":true,"href":"https:\/\/serbenidorm.daliisolutions.com\/index.php\/wp-json\/wp\/v2\/categories?post=13363"},{"taxonomy":"post_tag","embeddable":true,"href":"https:\/\/serbenidorm.daliisolutions.com\/index.php\/wp-json\/wp\/v2\/tags?post=13363"}],"curies":[{"name":"wp","href":"https:\/\/api.w.org\/{rel}","templated":true}]}}