{"id":13369,"date":"2025-03-03T20:15:41","date_gmt":"2025-03-03T19:15:41","guid":{"rendered":"https:\/\/serbenidorm.daliisolutions.com\/index.php\/2025\/03\/03\/altea-lalfas-finestrat-y-la-nucia-suspenden-las-clases-para-el-martes\/"},"modified":"2025-03-03T20:15:41","modified_gmt":"2025-03-03T19:15:41","slug":"altea-lalfas-finestrat-y-la-nucia-suspenden-las-clases-para-el-martes","status":"publish","type":"post","link":"https:\/\/serbenidorm.daliisolutions.com\/index.php\/2025\/03\/03\/altea-lalfas-finestrat-y-la-nucia-suspenden-las-clases-para-el-martes\/","title":{"rendered":"Altea, l\u2019Alf\u00e1s, Finestrat y La Nuc\u00eda suspenden las clases para el martes"},"content":{"rendered":"  <p><div data-adtype=\"MLDB\"><\/div><\/p>   <p>Benidorm<\/p>   <p>La comarca de la Marina Baixa mira con preocupaci\u00f3n al cielo en las \u00faltimas horas de este lunes en las que, poco antes de las seis y media de la tarde, haya emitido un bolet\u00edn elevando el nivel de riesgo para la comarca activando la situaci\u00f3n cero de emergencia por inundaciones.<\/p>   <p>Entre las recomendaciones que ha activado emergencias para esta situaci\u00f3n cero se cuentan el \u201ccierre de la circulaci\u00f3n en barrancos, ramblas y alrededores\u201d, la \u201csuspensi\u00f3n de actividades al aire libre\u201d y tambi\u00e9n \u201cla suspensi\u00f3n de actividades escolares y educativas\u201d.<\/p>   <p>As\u00ed que, ante esta situaci\u00f3n, Radio Benidorm-Cadena SER ya puede confirmar que, aunque los decretos se est\u00e1n redactando en estos momentos y se van a hacer p\u00fablicos y oficiales en las pr\u00f3ximas horas, <b>La Nuc\u00eda, Finestrat, L\u2019Alf\u00e0s del Pi y Altea ya han tomado la decisi\u00f3n de suspender las clases en el d\u00eda de ma\u00f1ana<\/b>.<\/p>   <p>Mientras tanto, en Benidorm, se tiene constancia de un posible aumento de la alerta de la Aemet a nivel naranja a las diez de la noche lo que, seg\u00fan las fuentes consultadas, s\u00ed podr\u00eda precipitar esa decisi\u00f3n. Adem\u00e1s, en La Vila Joiosa, su alcalde, Marcos Zaragoza, est\u00e1 manteniendo conversaciones con su hom\u00f3logo benidormense para poder tomar una decisi\u00f3n conjunta.<\/p>   <p><b>NOTICIA EN ACTUALIZACI\u00d3N<\/b><\/p>   <p>     .c-w{         max-width:444px;         width:100%;         margin:32px auto;      background:#00755E;         border-radius:4px;         display:flex;         align-items:center;         justify-content:center;     }     .c-w a{         display:flex;         align-items:center;         justify-content:center;         padding:4px 24px;     }     .c-w img{         width:24px;         margin-right:12px;     }     .c-w p{         font:18px\/25px Poppins;         text-align:center;         color:#fff;         margin:0;     }     @media (max-width:444px){         .c-w a{             padding:4px 12px;         }         .c-w img{             width:24px;             margin-right:8px;         }         .c-w p{             font:14px\/25px Poppins;         }     }     @media (max-width:335px){         .c-w p{             font:13px\/25px Poppins;         }     }  <div class=\"c-w\">     <a href=\"https:\/\/www.whatsapp.com\/channel\/0029Va633PF9WtC4l7XUzh1e\" rel=\"nofollow\" target=\"_blank\">         <img decoding=\"async\" src=\"https:\/\/cadenaser.com\/estaticos\/recursosgraficos\/responsive\/img\/ico-whatsapp.svg\" alt=\"Whatsapp\">         <p>\u00danete al <b>canal de WhatsApp<\/b> de la SER<\/p>     <\/a> <\/div><\/p> ","protected":false},"excerpt":{"rendered":"<p>Benidorm estudia la evoluci\u00f3n del tiempo para tomar esa misma decisi\u00f3n<\/p>\n","protected":false},"author":0,"featured_media":13370,"comment_status":"open","ping_status":"open","sticky":false,"template":"","format":"standard","meta":{"_acf_changed":false,"footnotes":""},"categories":[1],"tags":[],"class_list":["post-13369","post","type-post","status-publish","format-standard","has-post-thumbnail","hentry","category-sin-categoria"],"acf":{"ser_id":"DEXXSJWHZVHQJOR54A3ZWOUQTA","ser_url":"https:\/\/cadenaser.com\/comunitat-valenciana\/2025\/03\/03\/altea-lalfas-finestrat-y-la-nucia-suspenden-las-clases-para-el-martes-radio-benidorm\/"},"_links":{"self":[{"href":"https:\/\/serbenidorm.daliisolutions.com\/index.php\/wp-json\/wp\/v2\/posts\/13369","targetHints":{"allow":["GET"]}}],"collection":[{"href":"https:\/\/serbenidorm.daliisolutions.com\/index.php\/wp-json\/wp\/v2\/posts"}],"about":[{"href":"https:\/\/serbenidorm.daliisolutions.com\/index.php\/wp-json\/wp\/v2\/types\/post"}],"replies":[{"embeddable":true,"href":"https:\/\/serbenidorm.daliisolutions.com\/index.php\/wp-json\/wp\/v2\/comments?post=13369"}],"version-history":[{"count":0,"href":"https:\/\/serbenidorm.daliisolutions.com\/index.php\/wp-json\/wp\/v2\/posts\/13369\/revisions"}],"wp:featuredmedia":[{"embeddable":true,"href":"https:\/\/serbenidorm.daliisolutions.com\/index.php\/wp-json\/wp\/v2\/media\/13370"}],"wp:attachment":[{"href":"https:\/\/serbenidorm.daliisolutions.com\/index.php\/wp-json\/wp\/v2\/media?parent=13369"}],"wp:term":[{"taxonomy":"category","embeddable":true,"href":"https:\/\/serbenidorm.daliisolutions.com\/index.php\/wp-json\/wp\/v2\/categories?post=13369"},{"taxonomy":"post_tag","embeddable":true,"href":"https:\/\/serbenidorm.daliisolutions.com\/index.php\/wp-json\/wp\/v2\/tags?post=13369"}],"curies":[{"name":"wp","href":"https:\/\/api.w.org\/{rel}","templated":true}]}}